{"id":624,"date":"2022-07-05T12:01:00","date_gmt":"2022-07-05T10:01:00","guid":{"rendered":"https:\/\/schiller.site-preview.ch\/?p=624"},"modified":"2024-09-06T17:21:15","modified_gmt":"2024-09-06T15:21:15","slug":"simon-bachmann-neu-im-gemeinderat-von-stammheim","status":"publish","type":"post","link":"https:\/\/schillerlegal.ch\/fr\/simon-bachmann-neu-im-gemeinderat-von-stammheim\/","title":{"rendered":"Simon Bachmann neu im Gemeinderat von Stammheim"},"content":{"rendered":"\n<p>Simon Bachmann wurde am 27. M\u00e4rz 2022 in den Gemeinderat von Stammheim im Z\u00fcrcher Weinland gew\u00e4hlt. Er hat sein Amt am 1. Juli 2022 angetreten und steht dem Ressort Bau und Planung vor. Wir gratulieren unserem Partner zur Wahl und freuen uns, dass er seine F\u00e4higkeiten und Kenntnisse im Baurecht als Bauvorstand vom Stammheim auch als Gemeinderat anwenden und vertiefen kann.<\/p>\n\n\n\n<h3 class=\"wp-block-heading\">Simon Bachmann<\/h3>\n\n\n<div class=\"indy-block-people\">\n  <div class=\"row\">\n                  <div class=\"person col-md-6 col-lg-4 col-xl-3\">\n          <article class=\"tease tease-team-member\" id=\"tease-1034\">\n\t\t\t<div class=\"portrait\">\n\t\t<img decoding=\"async\" src=\"https:\/\/schillerlegal.ch\/wp-content\/uploads\/2024\/04\/simon-bachmann-300x0-c-default.jpg\" srcset=\"https:\/\/schillerlegal.ch\/wp-content\/uploads\/2024\/04\/simon-bachmann-300x0-c-default.jpg 1x, https:\/\/schillerlegal.ch\/wp-content\/uploads\/2024\/04\/simon-bachmann-600x0-c-default.jpg 2x\">\n\t<\/div>\n\t<div class=\"text\">\n\t\t<h5 class=\"title\">Simon Bachmann<\/h5>\n\t\t<div class=\"sub\">\n\t\t\t<div class=\"position\">Partenaire<\/div>\n\t\t\t<div class=\"arrow-icon\"><?xml version=\"1.0\" encoding=\"utf-8\"?>\n<!-- Generator: Adobe Illustrator 28.2.0, SVG Export Plug-In . SVG Version: 6.00 Build 0)  -->\n<svg version=\"1.1\" id=\"uuid-0d01a91a-173c-4929-a2a8-92feee4570de\"\n\t xmlns=\"http:\/\/www.w3.org\/2000\/svg\" xmlns:xlink=\"http:\/\/www.w3.org\/1999\/xlink\" x=\"0px\" y=\"0px\" viewBox=\"0 0 40.2 18\"\n\t style=\"enable-background:new 0 0 40.2 18;\" xml:space=\"preserve\">\n<g id=\"uuid-337baa6b-6f6e-46a6-ab3d-80cfea9952c5\">\n\t<path id=\"uuid-42a080c4-afe9-4bb8-80e1-1e35f5b11246\" d=\"M31.2,18l-1.7-1.7l6.1-6.1H0V7.8h35.6l-6.1-6.2L31.2,0l9,9L31.2,18\n\t\tL31.2,18z\"\/>\n<\/g>\n<\/svg>\n<\/div>\n\t\t<\/div>\n\t<\/div>\n\t<a class=\"link\" href=\"https:\/\/schillerlegal.ch\/fr\/membre-de-lequipe\/simon-bachmann\/\">\n\t\t<span class=\"visually-hidden\">Go to article<\/span>\n\t<\/a>\n<\/article>\n        <\/div>\n            <\/div>\n<\/div>\n","protected":false},"excerpt":{"rendered":"<p>Simon Bachmann wurde am 27. M\u00e4rz 2022 in den Gemeinderat von Stammheim im Z\u00fcrcher Weinland gew\u00e4hlt. Er hat sein Amt am 1. Juli 2022 angetreten und steht dem Ressort Bau und Planung vor. Wir gratulieren unserem Partner zur Wahl und freuen uns, dass er seine F\u00e4higkeiten und Kenntnisse im Baurecht als Bauvorstand vom Stammheim auch [&hellip;]<\/p>\n","protected":false},"author":4,"featured_media":0,"comment_status":"closed","ping_status":"closed","sticky":false,"template":"","format":"standard","meta":{"_acf_changed":false,"footnotes":""},"categories":[1],"tags":[],"area-of-activity":[20],"class_list":["post-624","post","type-post","status-publish","format-standard","hentry","category-unkategorisiert","area-of-activity-bau-und-immobilienrecht"],"acf":[],"yoast_head":"<!-- This site is optimized with the Yoast SEO plugin v27.3 - https:\/\/yoast.com\/product\/yoast-seo-wordpress\/ -->\n<title>Simon Bachmann neu im Gemeinderat von Stammheim - Schiller Rechtsanw\u00e4lte AG<\/title>\n<meta name=\"robots\" content=\"index, follow, max-snippet:-1, max-image-preview:large, max-video-preview:-1\" \/>\n<link rel=\"canonical\" href=\"https:\/\/schillerlegal.ch\/fr\/simon-bachmann-neu-im-gemeinderat-von-stammheim\/\" \/>\n<meta property=\"og:locale\" content=\"fr_FR\" \/>\n<meta property=\"og:type\" content=\"article\" \/>\n<meta property=\"og:title\" content=\"Simon Bachmann neu im Gemeinderat von Stammheim - Schiller Rechtsanw\u00e4lte AG\" \/>\n<meta property=\"og:description\" content=\"Simon Bachmann wurde am 27. M\u00e4rz 2022 in den Gemeinderat von Stammheim im Z\u00fcrcher Weinland gew\u00e4hlt. Er hat sein Amt am 1. Juli 2022 angetreten und steht dem Ressort Bau und Planung vor. Wir gratulieren unserem Partner zur Wahl und freuen uns, dass er seine F\u00e4higkeiten und Kenntnisse im Baurecht als Bauvorstand vom Stammheim auch [&hellip;]\" \/>\n<meta property=\"og:url\" content=\"https:\/\/schillerlegal.ch\/fr\/simon-bachmann-neu-im-gemeinderat-von-stammheim\/\" \/>\n<meta property=\"og:site_name\" content=\"Schiller Rechtsanw\u00e4lte AG\" \/>\n<meta property=\"article:published_time\" content=\"2022-07-05T10:01:00+00:00\" \/>\n<meta property=\"article:modified_time\" content=\"2024-09-06T15:21:15+00:00\" \/>\n<meta name=\"author\" content=\"pusparasa\" \/>\n<meta name=\"twitter:card\" content=\"summary_large_image\" \/>\n<meta name=\"twitter:label1\" content=\"\u00c9crit par\" \/>\n\t<meta name=\"twitter:data1\" content=\"pusparasa\" \/>\n\t<meta name=\"twitter:label2\" content=\"Dur\u00e9e de lecture estim\u00e9e\" \/>\n\t<meta name=\"twitter:data2\" content=\"1 minute\" \/>\n<script type=\"application\/ld+json\" class=\"yoast-schema-graph\">{\"@context\":\"https:\\\/\\\/schema.org\",\"@graph\":[{\"@type\":\"Article\",\"@id\":\"https:\\\/\\\/schillerlegal.ch\\\/fr\\\/simon-bachmann-neu-im-gemeinderat-von-stammheim\\\/#article\",\"isPartOf\":{\"@id\":\"https:\\\/\\\/schillerlegal.ch\\\/fr\\\/simon-bachmann-neu-im-gemeinderat-von-stammheim\\\/\"},\"author\":{\"name\":\"pusparasa\",\"@id\":\"https:\\\/\\\/schillerlegal.ch\\\/fr\\\/#\\\/schema\\\/person\\\/86726a4d370a54cd2152caf17b64d98c\"},\"headline\":\"Simon Bachmann neu im Gemeinderat von Stammheim\",\"datePublished\":\"2022-07-05T10:01:00+00:00\",\"dateModified\":\"2024-09-06T15:21:15+00:00\",\"mainEntityOfPage\":{\"@id\":\"https:\\\/\\\/schillerlegal.ch\\\/fr\\\/simon-bachmann-neu-im-gemeinderat-von-stammheim\\\/\"},\"wordCount\":70,\"articleSection\":[\"Unkategorisiert\"],\"inLanguage\":\"fr-FR\"},{\"@type\":\"WebPage\",\"@id\":\"https:\\\/\\\/schillerlegal.ch\\\/fr\\\/simon-bachmann-neu-im-gemeinderat-von-stammheim\\\/\",\"url\":\"https:\\\/\\\/schillerlegal.ch\\\/fr\\\/simon-bachmann-neu-im-gemeinderat-von-stammheim\\\/\",\"name\":\"Simon Bachmann neu im Gemeinderat von Stammheim - Schiller Rechtsanw\u00e4lte AG\",\"isPartOf\":{\"@id\":\"https:\\\/\\\/schillerlegal.ch\\\/fr\\\/#website\"},\"datePublished\":\"2022-07-05T10:01:00+00:00\",\"dateModified\":\"2024-09-06T15:21:15+00:00\",\"author\":{\"@id\":\"https:\\\/\\\/schillerlegal.ch\\\/fr\\\/#\\\/schema\\\/person\\\/86726a4d370a54cd2152caf17b64d98c\"},\"breadcrumb\":{\"@id\":\"https:\\\/\\\/schillerlegal.ch\\\/fr\\\/simon-bachmann-neu-im-gemeinderat-von-stammheim\\\/#breadcrumb\"},\"inLanguage\":\"fr-FR\",\"potentialAction\":[{\"@type\":\"ReadAction\",\"target\":[\"https:\\\/\\\/schillerlegal.ch\\\/fr\\\/simon-bachmann-neu-im-gemeinderat-von-stammheim\\\/\"]}]},{\"@type\":\"BreadcrumbList\",\"@id\":\"https:\\\/\\\/schillerlegal.ch\\\/fr\\\/simon-bachmann-neu-im-gemeinderat-von-stammheim\\\/#breadcrumb\",\"itemListElement\":[{\"@type\":\"ListItem\",\"position\":1,\"name\":\"Startseite\",\"item\":\"https:\\\/\\\/schillerlegal.ch\\\/fr\\\/\"},{\"@type\":\"ListItem\",\"position\":2,\"name\":\"Simon Bachmann neu im Gemeinderat von Stammheim\"}]},{\"@type\":\"WebSite\",\"@id\":\"https:\\\/\\\/schillerlegal.ch\\\/fr\\\/#website\",\"url\":\"https:\\\/\\\/schillerlegal.ch\\\/fr\\\/\",\"name\":\"Schiller Rechtsanw\u00e4lte AG\",\"description\":\"\",\"potentialAction\":[{\"@type\":\"SearchAction\",\"target\":{\"@type\":\"EntryPoint\",\"urlTemplate\":\"https:\\\/\\\/schillerlegal.ch\\\/fr\\\/?s={search_term_string}\"},\"query-input\":{\"@type\":\"PropertyValueSpecification\",\"valueRequired\":true,\"valueName\":\"search_term_string\"}}],\"inLanguage\":\"fr-FR\"},{\"@type\":\"Person\",\"@id\":\"https:\\\/\\\/schillerlegal.ch\\\/fr\\\/#\\\/schema\\\/person\\\/86726a4d370a54cd2152caf17b64d98c\",\"name\":\"pusparasa\",\"image\":{\"@type\":\"ImageObject\",\"inLanguage\":\"fr-FR\",\"@id\":\"https:\\\/\\\/secure.gravatar.com\\\/avatar\\\/e9f835021a048f6c442857ae71474ebb0556524367848367a10b076cec21d2ea?s=96&d=mm&r=g\",\"url\":\"https:\\\/\\\/secure.gravatar.com\\\/avatar\\\/e9f835021a048f6c442857ae71474ebb0556524367848367a10b076cec21d2ea?s=96&d=mm&r=g\",\"contentUrl\":\"https:\\\/\\\/secure.gravatar.com\\\/avatar\\\/e9f835021a048f6c442857ae71474ebb0556524367848367a10b076cec21d2ea?s=96&d=mm&r=g\",\"caption\":\"pusparasa\"},\"url\":\"https:\\\/\\\/schillerlegal.ch\\\/fr\\\/author\\\/pusparasa\\\/\"}]}<\/script>\n<!-- \/ Yoast SEO plugin. -->","yoast_head_json":{"title":"Simon Bachmann neu im Gemeinderat von Stammheim - Schiller Rechtsanw\u00e4lte AG","robots":{"index":"index","follow":"follow","max-snippet":"max-snippet:-1","max-image-preview":"max-image-preview:large","max-video-preview":"max-video-preview:-1"},"canonical":"https:\/\/schillerlegal.ch\/fr\/simon-bachmann-neu-im-gemeinderat-von-stammheim\/","og_locale":"fr_FR","og_type":"article","og_title":"Simon Bachmann neu im Gemeinderat von Stammheim - Schiller Rechtsanw\u00e4lte AG","og_description":"Simon Bachmann wurde am 27. M\u00e4rz 2022 in den Gemeinderat von Stammheim im Z\u00fcrcher Weinland gew\u00e4hlt. Er hat sein Amt am 1. Juli 2022 angetreten und steht dem Ressort Bau und Planung vor. Wir gratulieren unserem Partner zur Wahl und freuen uns, dass er seine F\u00e4higkeiten und Kenntnisse im Baurecht als Bauvorstand vom Stammheim auch [&hellip;]","og_url":"https:\/\/schillerlegal.ch\/fr\/simon-bachmann-neu-im-gemeinderat-von-stammheim\/","og_site_name":"Schiller Rechtsanw\u00e4lte AG","article_published_time":"2022-07-05T10:01:00+00:00","article_modified_time":"2024-09-06T15:21:15+00:00","author":"pusparasa","twitter_card":"summary_large_image","twitter_misc":{"\u00c9crit par":"pusparasa","Dur\u00e9e de lecture estim\u00e9e":"1 minute"},"schema":{"@context":"https:\/\/schema.org","@graph":[{"@type":"Article","@id":"https:\/\/schillerlegal.ch\/fr\/simon-bachmann-neu-im-gemeinderat-von-stammheim\/#article","isPartOf":{"@id":"https:\/\/schillerlegal.ch\/fr\/simon-bachmann-neu-im-gemeinderat-von-stammheim\/"},"author":{"name":"pusparasa","@id":"https:\/\/schillerlegal.ch\/fr\/#\/schema\/person\/86726a4d370a54cd2152caf17b64d98c"},"headline":"Simon Bachmann neu im Gemeinderat von Stammheim","datePublished":"2022-07-05T10:01:00+00:00","dateModified":"2024-09-06T15:21:15+00:00","mainEntityOfPage":{"@id":"https:\/\/schillerlegal.ch\/fr\/simon-bachmann-neu-im-gemeinderat-von-stammheim\/"},"wordCount":70,"articleSection":["Unkategorisiert"],"inLanguage":"fr-FR"},{"@type":"WebPage","@id":"https:\/\/schillerlegal.ch\/fr\/simon-bachmann-neu-im-gemeinderat-von-stammheim\/","url":"https:\/\/schillerlegal.ch\/fr\/simon-bachmann-neu-im-gemeinderat-von-stammheim\/","name":"Simon Bachmann neu im Gemeinderat von Stammheim - Schiller Rechtsanw\u00e4lte AG","isPartOf":{"@id":"https:\/\/schillerlegal.ch\/fr\/#website"},"datePublished":"2022-07-05T10:01:00+00:00","dateModified":"2024-09-06T15:21:15+00:00","author":{"@id":"https:\/\/schillerlegal.ch\/fr\/#\/schema\/person\/86726a4d370a54cd2152caf17b64d98c"},"breadcrumb":{"@id":"https:\/\/schillerlegal.ch\/fr\/simon-bachmann-neu-im-gemeinderat-von-stammheim\/#breadcrumb"},"inLanguage":"fr-FR","potentialAction":[{"@type":"ReadAction","target":["https:\/\/schillerlegal.ch\/fr\/simon-bachmann-neu-im-gemeinderat-von-stammheim\/"]}]},{"@type":"BreadcrumbList","@id":"https:\/\/schillerlegal.ch\/fr\/simon-bachmann-neu-im-gemeinderat-von-stammheim\/#breadcrumb","itemListElement":[{"@type":"ListItem","position":1,"name":"Startseite","item":"https:\/\/schillerlegal.ch\/fr\/"},{"@type":"ListItem","position":2,"name":"Simon Bachmann neu im Gemeinderat von Stammheim"}]},{"@type":"WebSite","@id":"https:\/\/schillerlegal.ch\/fr\/#website","url":"https:\/\/schillerlegal.ch\/fr\/","name":"Schiller Rechtsanw\u00e4lte AG","description":"","potentialAction":[{"@type":"SearchAction","target":{"@type":"EntryPoint","urlTemplate":"https:\/\/schillerlegal.ch\/fr\/?s={search_term_string}"},"query-input":{"@type":"PropertyValueSpecification","valueRequired":true,"valueName":"search_term_string"}}],"inLanguage":"fr-FR"},{"@type":"Person","@id":"https:\/\/schillerlegal.ch\/fr\/#\/schema\/person\/86726a4d370a54cd2152caf17b64d98c","name":"pusparasa","image":{"@type":"ImageObject","inLanguage":"fr-FR","@id":"https:\/\/secure.gravatar.com\/avatar\/e9f835021a048f6c442857ae71474ebb0556524367848367a10b076cec21d2ea?s=96&d=mm&r=g","url":"https:\/\/secure.gravatar.com\/avatar\/e9f835021a048f6c442857ae71474ebb0556524367848367a10b076cec21d2ea?s=96&d=mm&r=g","contentUrl":"https:\/\/secure.gravatar.com\/avatar\/e9f835021a048f6c442857ae71474ebb0556524367848367a10b076cec21d2ea?s=96&d=mm&r=g","caption":"pusparasa"},"url":"https:\/\/schillerlegal.ch\/fr\/author\/pusparasa\/"}]}},"_links":{"self":[{"href":"https:\/\/schillerlegal.ch\/fr\/wp-json\/wp\/v2\/posts\/624","targetHints":{"allow":["GET"]}}],"collection":[{"href":"https:\/\/schillerlegal.ch\/fr\/wp-json\/wp\/v2\/posts"}],"about":[{"href":"https:\/\/schillerlegal.ch\/fr\/wp-json\/wp\/v2\/types\/post"}],"author":[{"embeddable":true,"href":"https:\/\/schillerlegal.ch\/fr\/wp-json\/wp\/v2\/users\/4"}],"replies":[{"embeddable":true,"href":"https:\/\/schillerlegal.ch\/fr\/wp-json\/wp\/v2\/comments?post=624"}],"version-history":[{"count":4,"href":"https:\/\/schillerlegal.ch\/fr\/wp-json\/wp\/v2\/posts\/624\/revisions"}],"predecessor-version":[{"id":1338,"href":"https:\/\/schillerlegal.ch\/fr\/wp-json\/wp\/v2\/posts\/624\/revisions\/1338"}],"wp:attachment":[{"href":"https:\/\/schillerlegal.ch\/fr\/wp-json\/wp\/v2\/media?parent=624"}],"wp:term":[{"taxonomy":"category","embeddable":true,"href":"https:\/\/schillerlegal.ch\/fr\/wp-json\/wp\/v2\/categories?post=624"},{"taxonomy":"post_tag","embeddable":true,"href":"https:\/\/schillerlegal.ch\/fr\/wp-json\/wp\/v2\/tags?post=624"},{"taxonomy":"area-of-activity","embeddable":true,"href":"https:\/\/schillerlegal.ch\/fr\/wp-json\/wp\/v2\/area-of-activity?post=624"}],"curies":[{"name":"wp","href":"https:\/\/api.w.org\/{rel}","templated":true}]}}