{"id":613,"date":"2021-04-01T12:01:00","date_gmt":"2021-04-01T10:01:00","guid":{"rendered":"https:\/\/schiller.site-preview.ch\/?p=613"},"modified":"2024-09-06T17:22:29","modified_gmt":"2024-09-06T15:22:29","slug":"neuer-partner","status":"publish","type":"post","link":"https:\/\/schillerlegal.ch\/fr\/neuer-partner\/","title":{"rendered":"Neuer Partner"},"content":{"rendered":"\n<p>Simon Bachmann erg\u00e4nzt und verst\u00e4rkt SCHILLER RECHTSANW\u00c4LTE ab 1. April 2021 in den Bereichen \u00f6ffentliches und privates Baurecht sowie Umweltrecht. Er ber\u00e4t und vertritt Bauunternehmer, Planer sowie Bauherren im Vertragsrecht, insbesondere im Bauvertragsrecht, sowie Verwaltungsbeh\u00f6rden, Unternehmen und Privatpersonen im Verwaltungsrecht mit Schwerpunkt im \u00f6ffentlichen Bau- und Umweltrecht.<\/p>\n\n\n\n<p>Simon Bachmann studierte Rechtswissenschaft an der Universit\u00e4t Freiburg (lic.iur. 2004) und arbeitete dabei als wissenschaftlicher Mitarbeiter am Institut f\u00fcr Baurecht an der Universit\u00e4t Freiburg. Er erwarb 2007 das Z\u00fcrcher Anwaltspatent und war 2008 f\u00fcr eine grosse Wirtschaftskanzlei in Z\u00fcrich t\u00e4tig, bevor er seine Kenntnisse im Gesellschaftsrecht bei einem kantonalen Handelsregisteramt vertiefte. 2013\/2014 praktizierte er in Winterthur als Rechtsanwalt in einer auf privates und \u00f6ffentliches Baurecht sowie Vergaberecht fokussierten Anwaltskanzlei. Ab 2015 arbeitete er als selbst\u00e4ndiger Rechtsanwalt mit eigener Anwaltskanzlei in Winterthur. Seit 2015 ist Simon Bachmann Gesch\u00e4ftsf\u00fchrer des Z\u00fcrcher Anwaltsverbands.<\/p>\n\n\n\n<h3 class=\"wp-block-heading\">Simon Bachmann<\/h3>\n\n\n<div class=\"indy-block-people\">\n  <div class=\"row\">\n                  <div class=\"person col-md-6 col-lg-4 col-xl-3\">\n          <article class=\"tease tease-team-member\" id=\"tease-1034\">\n\t\t\t<div class=\"portrait\">\n\t\t<img decoding=\"async\" src=\"https:\/\/schillerlegal.ch\/wp-content\/uploads\/2024\/04\/simon-bachmann-300x0-c-default.jpg\" srcset=\"https:\/\/schillerlegal.ch\/wp-content\/uploads\/2024\/04\/simon-bachmann-300x0-c-default.jpg 1x, https:\/\/schillerlegal.ch\/wp-content\/uploads\/2024\/04\/simon-bachmann-600x0-c-default.jpg 2x\">\n\t<\/div>\n\t<div class=\"text\">\n\t\t<h5 class=\"title\">Simon Bachmann<\/h5>\n\t\t<div class=\"sub\">\n\t\t\t<div class=\"position\">Partenaire<\/div>\n\t\t\t<div class=\"arrow-icon\"><?xml version=\"1.0\" encoding=\"utf-8\"?>\n<!-- Generator: Adobe Illustrator 28.2.0, SVG Export Plug-In . SVG Version: 6.00 Build 0)  -->\n<svg version=\"1.1\" id=\"uuid-0d01a91a-173c-4929-a2a8-92feee4570de\"\n\t xmlns=\"http:\/\/www.w3.org\/2000\/svg\" xmlns:xlink=\"http:\/\/www.w3.org\/1999\/xlink\" x=\"0px\" y=\"0px\" viewBox=\"0 0 40.2 18\"\n\t style=\"enable-background:new 0 0 40.2 18;\" xml:space=\"preserve\">\n<g id=\"uuid-337baa6b-6f6e-46a6-ab3d-80cfea9952c5\">\n\t<path id=\"uuid-42a080c4-afe9-4bb8-80e1-1e35f5b11246\" d=\"M31.2,18l-1.7-1.7l6.1-6.1H0V7.8h35.6l-6.1-6.2L31.2,0l9,9L31.2,18\n\t\tL31.2,18z\"\/>\n<\/g>\n<\/svg>\n<\/div>\n\t\t<\/div>\n\t<\/div>\n\t<a class=\"link\" href=\"https:\/\/schillerlegal.ch\/fr\/membre-de-lequipe\/simon-bachmann\/\">\n\t\t<span class=\"visually-hidden\">Go to article<\/span>\n\t<\/a>\n<\/article>\n        <\/div>\n            <\/div>\n<\/div>\n","protected":false},"excerpt":{"rendered":"<p>Simon Bachmann erg\u00e4nzt und verst\u00e4rkt SCHILLER RECHTSANW\u00c4LTE ab 1. April 2021 in den Bereichen \u00f6ffentliches und privates Baurecht sowie Umweltrecht. Er ber\u00e4t und vertritt Bauunternehmer, Planer sowie Bauherren im Vertragsrecht, insbesondere im Bauvertragsrecht, sowie Verwaltungsbeh\u00f6rden, Unternehmen und Privatpersonen im Verwaltungsrecht mit Schwerpunkt im \u00f6ffentlichen Bau- und Umweltrecht. Simon Bachmann studierte Rechtswissenschaft an der Universit\u00e4t Freiburg [&hellip;]<\/p>\n","protected":false},"author":4,"featured_media":0,"comment_status":"closed","ping_status":"closed","sticky":false,"template":"","format":"standard","meta":{"_acf_changed":false,"footnotes":""},"categories":[1],"tags":[],"area-of-activity":[20],"class_list":["post-613","post","type-post","status-publish","format-standard","hentry","category-unkategorisiert","area-of-activity-bau-und-immobilienrecht"],"acf":[],"yoast_head":"<!-- This site is optimized with the Yoast SEO plugin v27.3 - https:\/\/yoast.com\/product\/yoast-seo-wordpress\/ -->\n<title>Neuer Partner - Schiller Rechtsanw\u00e4lte AG<\/title>\n<meta name=\"robots\" content=\"index, follow, max-snippet:-1, max-image-preview:large, max-video-preview:-1\" \/>\n<link rel=\"canonical\" href=\"https:\/\/schillerlegal.ch\/fr\/neuer-partner\/\" \/>\n<meta property=\"og:locale\" content=\"fr_FR\" \/>\n<meta property=\"og:type\" content=\"article\" \/>\n<meta property=\"og:title\" content=\"Neuer Partner - Schiller Rechtsanw\u00e4lte AG\" \/>\n<meta property=\"og:description\" content=\"Simon Bachmann erg\u00e4nzt und verst\u00e4rkt SCHILLER RECHTSANW\u00c4LTE ab 1. April 2021 in den Bereichen \u00f6ffentliches und privates Baurecht sowie Umweltrecht. Er ber\u00e4t und vertritt Bauunternehmer, Planer sowie Bauherren im Vertragsrecht, insbesondere im Bauvertragsrecht, sowie Verwaltungsbeh\u00f6rden, Unternehmen und Privatpersonen im Verwaltungsrecht mit Schwerpunkt im \u00f6ffentlichen Bau- und Umweltrecht. Simon Bachmann studierte Rechtswissenschaft an der Universit\u00e4t Freiburg [&hellip;]\" \/>\n<meta property=\"og:url\" content=\"https:\/\/schillerlegal.ch\/fr\/neuer-partner\/\" \/>\n<meta property=\"og:site_name\" content=\"Schiller Rechtsanw\u00e4lte AG\" \/>\n<meta property=\"article:published_time\" content=\"2021-04-01T10:01:00+00:00\" \/>\n<meta property=\"article:modified_time\" content=\"2024-09-06T15:22:29+00:00\" \/>\n<meta name=\"author\" content=\"pusparasa\" \/>\n<meta name=\"twitter:card\" content=\"summary_large_image\" \/>\n<meta name=\"twitter:label1\" content=\"\u00c9crit par\" \/>\n\t<meta name=\"twitter:data1\" content=\"pusparasa\" \/>\n\t<meta name=\"twitter:label2\" content=\"Dur\u00e9e de lecture estim\u00e9e\" \/>\n\t<meta name=\"twitter:data2\" content=\"1 minute\" \/>\n<script type=\"application\/ld+json\" class=\"yoast-schema-graph\">{\"@context\":\"https:\\\/\\\/schema.org\",\"@graph\":[{\"@type\":\"Article\",\"@id\":\"https:\\\/\\\/schillerlegal.ch\\\/fr\\\/neuer-partner\\\/#article\",\"isPartOf\":{\"@id\":\"https:\\\/\\\/schillerlegal.ch\\\/fr\\\/neuer-partner\\\/\"},\"author\":{\"name\":\"pusparasa\",\"@id\":\"https:\\\/\\\/schillerlegal.ch\\\/fr\\\/#\\\/schema\\\/person\\\/86726a4d370a54cd2152caf17b64d98c\"},\"headline\":\"Neuer Partner\",\"datePublished\":\"2021-04-01T10:01:00+00:00\",\"dateModified\":\"2024-09-06T15:22:29+00:00\",\"mainEntityOfPage\":{\"@id\":\"https:\\\/\\\/schillerlegal.ch\\\/fr\\\/neuer-partner\\\/\"},\"wordCount\":150,\"articleSection\":[\"Unkategorisiert\"],\"inLanguage\":\"fr-FR\"},{\"@type\":\"WebPage\",\"@id\":\"https:\\\/\\\/schillerlegal.ch\\\/fr\\\/neuer-partner\\\/\",\"url\":\"https:\\\/\\\/schillerlegal.ch\\\/fr\\\/neuer-partner\\\/\",\"name\":\"Neuer Partner - Schiller Rechtsanw\u00e4lte AG\",\"isPartOf\":{\"@id\":\"https:\\\/\\\/schillerlegal.ch\\\/fr\\\/#website\"},\"datePublished\":\"2021-04-01T10:01:00+00:00\",\"dateModified\":\"2024-09-06T15:22:29+00:00\",\"author\":{\"@id\":\"https:\\\/\\\/schillerlegal.ch\\\/fr\\\/#\\\/schema\\\/person\\\/86726a4d370a54cd2152caf17b64d98c\"},\"breadcrumb\":{\"@id\":\"https:\\\/\\\/schillerlegal.ch\\\/fr\\\/neuer-partner\\\/#breadcrumb\"},\"inLanguage\":\"fr-FR\",\"potentialAction\":[{\"@type\":\"ReadAction\",\"target\":[\"https:\\\/\\\/schillerlegal.ch\\\/fr\\\/neuer-partner\\\/\"]}]},{\"@type\":\"BreadcrumbList\",\"@id\":\"https:\\\/\\\/schillerlegal.ch\\\/fr\\\/neuer-partner\\\/#breadcrumb\",\"itemListElement\":[{\"@type\":\"ListItem\",\"position\":1,\"name\":\"Startseite\",\"item\":\"https:\\\/\\\/schillerlegal.ch\\\/fr\\\/\"},{\"@type\":\"ListItem\",\"position\":2,\"name\":\"Neuer Partner\"}]},{\"@type\":\"WebSite\",\"@id\":\"https:\\\/\\\/schillerlegal.ch\\\/fr\\\/#website\",\"url\":\"https:\\\/\\\/schillerlegal.ch\\\/fr\\\/\",\"name\":\"Schiller Rechtsanw\u00e4lte AG\",\"description\":\"\",\"potentialAction\":[{\"@type\":\"SearchAction\",\"target\":{\"@type\":\"EntryPoint\",\"urlTemplate\":\"https:\\\/\\\/schillerlegal.ch\\\/fr\\\/?s={search_term_string}\"},\"query-input\":{\"@type\":\"PropertyValueSpecification\",\"valueRequired\":true,\"valueName\":\"search_term_string\"}}],\"inLanguage\":\"fr-FR\"},{\"@type\":\"Person\",\"@id\":\"https:\\\/\\\/schillerlegal.ch\\\/fr\\\/#\\\/schema\\\/person\\\/86726a4d370a54cd2152caf17b64d98c\",\"name\":\"pusparasa\",\"image\":{\"@type\":\"ImageObject\",\"inLanguage\":\"fr-FR\",\"@id\":\"https:\\\/\\\/secure.gravatar.com\\\/avatar\\\/e9f835021a048f6c442857ae71474ebb0556524367848367a10b076cec21d2ea?s=96&d=mm&r=g\",\"url\":\"https:\\\/\\\/secure.gravatar.com\\\/avatar\\\/e9f835021a048f6c442857ae71474ebb0556524367848367a10b076cec21d2ea?s=96&d=mm&r=g\",\"contentUrl\":\"https:\\\/\\\/secure.gravatar.com\\\/avatar\\\/e9f835021a048f6c442857ae71474ebb0556524367848367a10b076cec21d2ea?s=96&d=mm&r=g\",\"caption\":\"pusparasa\"},\"url\":\"https:\\\/\\\/schillerlegal.ch\\\/fr\\\/author\\\/pusparasa\\\/\"}]}<\/script>\n<!-- \/ Yoast SEO plugin. -->","yoast_head_json":{"title":"Neuer Partner - Schiller Rechtsanw\u00e4lte AG","robots":{"index":"index","follow":"follow","max-snippet":"max-snippet:-1","max-image-preview":"max-image-preview:large","max-video-preview":"max-video-preview:-1"},"canonical":"https:\/\/schillerlegal.ch\/fr\/neuer-partner\/","og_locale":"fr_FR","og_type":"article","og_title":"Neuer Partner - Schiller Rechtsanw\u00e4lte AG","og_description":"Simon Bachmann erg\u00e4nzt und verst\u00e4rkt SCHILLER RECHTSANW\u00c4LTE ab 1. April 2021 in den Bereichen \u00f6ffentliches und privates Baurecht sowie Umweltrecht. Er ber\u00e4t und vertritt Bauunternehmer, Planer sowie Bauherren im Vertragsrecht, insbesondere im Bauvertragsrecht, sowie Verwaltungsbeh\u00f6rden, Unternehmen und Privatpersonen im Verwaltungsrecht mit Schwerpunkt im \u00f6ffentlichen Bau- und Umweltrecht. Simon Bachmann studierte Rechtswissenschaft an der Universit\u00e4t Freiburg [&hellip;]","og_url":"https:\/\/schillerlegal.ch\/fr\/neuer-partner\/","og_site_name":"Schiller Rechtsanw\u00e4lte AG","article_published_time":"2021-04-01T10:01:00+00:00","article_modified_time":"2024-09-06T15:22:29+00:00","author":"pusparasa","twitter_card":"summary_large_image","twitter_misc":{"\u00c9crit par":"pusparasa","Dur\u00e9e de lecture estim\u00e9e":"1 minute"},"schema":{"@context":"https:\/\/schema.org","@graph":[{"@type":"Article","@id":"https:\/\/schillerlegal.ch\/fr\/neuer-partner\/#article","isPartOf":{"@id":"https:\/\/schillerlegal.ch\/fr\/neuer-partner\/"},"author":{"name":"pusparasa","@id":"https:\/\/schillerlegal.ch\/fr\/#\/schema\/person\/86726a4d370a54cd2152caf17b64d98c"},"headline":"Neuer Partner","datePublished":"2021-04-01T10:01:00+00:00","dateModified":"2024-09-06T15:22:29+00:00","mainEntityOfPage":{"@id":"https:\/\/schillerlegal.ch\/fr\/neuer-partner\/"},"wordCount":150,"articleSection":["Unkategorisiert"],"inLanguage":"fr-FR"},{"@type":"WebPage","@id":"https:\/\/schillerlegal.ch\/fr\/neuer-partner\/","url":"https:\/\/schillerlegal.ch\/fr\/neuer-partner\/","name":"Neuer Partner - Schiller Rechtsanw\u00e4lte AG","isPartOf":{"@id":"https:\/\/schillerlegal.ch\/fr\/#website"},"datePublished":"2021-04-01T10:01:00+00:00","dateModified":"2024-09-06T15:22:29+00:00","author":{"@id":"https:\/\/schillerlegal.ch\/fr\/#\/schema\/person\/86726a4d370a54cd2152caf17b64d98c"},"breadcrumb":{"@id":"https:\/\/schillerlegal.ch\/fr\/neuer-partner\/#breadcrumb"},"inLanguage":"fr-FR","potentialAction":[{"@type":"ReadAction","target":["https:\/\/schillerlegal.ch\/fr\/neuer-partner\/"]}]},{"@type":"BreadcrumbList","@id":"https:\/\/schillerlegal.ch\/fr\/neuer-partner\/#breadcrumb","itemListElement":[{"@type":"ListItem","position":1,"name":"Startseite","item":"https:\/\/schillerlegal.ch\/fr\/"},{"@type":"ListItem","position":2,"name":"Neuer Partner"}]},{"@type":"WebSite","@id":"https:\/\/schillerlegal.ch\/fr\/#website","url":"https:\/\/schillerlegal.ch\/fr\/","name":"Schiller Rechtsanw\u00e4lte AG","description":"","potentialAction":[{"@type":"SearchAction","target":{"@type":"EntryPoint","urlTemplate":"https:\/\/schillerlegal.ch\/fr\/?s={search_term_string}"},"query-input":{"@type":"PropertyValueSpecification","valueRequired":true,"valueName":"search_term_string"}}],"inLanguage":"fr-FR"},{"@type":"Person","@id":"https:\/\/schillerlegal.ch\/fr\/#\/schema\/person\/86726a4d370a54cd2152caf17b64d98c","name":"pusparasa","image":{"@type":"ImageObject","inLanguage":"fr-FR","@id":"https:\/\/secure.gravatar.com\/avatar\/e9f835021a048f6c442857ae71474ebb0556524367848367a10b076cec21d2ea?s=96&d=mm&r=g","url":"https:\/\/secure.gravatar.com\/avatar\/e9f835021a048f6c442857ae71474ebb0556524367848367a10b076cec21d2ea?s=96&d=mm&r=g","contentUrl":"https:\/\/secure.gravatar.com\/avatar\/e9f835021a048f6c442857ae71474ebb0556524367848367a10b076cec21d2ea?s=96&d=mm&r=g","caption":"pusparasa"},"url":"https:\/\/schillerlegal.ch\/fr\/author\/pusparasa\/"}]}},"_links":{"self":[{"href":"https:\/\/schillerlegal.ch\/fr\/wp-json\/wp\/v2\/posts\/613","targetHints":{"allow":["GET"]}}],"collection":[{"href":"https:\/\/schillerlegal.ch\/fr\/wp-json\/wp\/v2\/posts"}],"about":[{"href":"https:\/\/schillerlegal.ch\/fr\/wp-json\/wp\/v2\/types\/post"}],"author":[{"embeddable":true,"href":"https:\/\/schillerlegal.ch\/fr\/wp-json\/wp\/v2\/users\/4"}],"replies":[{"embeddable":true,"href":"https:\/\/schillerlegal.ch\/fr\/wp-json\/wp\/v2\/comments?post=613"}],"version-history":[{"count":4,"href":"https:\/\/schillerlegal.ch\/fr\/wp-json\/wp\/v2\/posts\/613\/revisions"}],"predecessor-version":[{"id":1340,"href":"https:\/\/schillerlegal.ch\/fr\/wp-json\/wp\/v2\/posts\/613\/revisions\/1340"}],"wp:attachment":[{"href":"https:\/\/schillerlegal.ch\/fr\/wp-json\/wp\/v2\/media?parent=613"}],"wp:term":[{"taxonomy":"category","embeddable":true,"href":"https:\/\/schillerlegal.ch\/fr\/wp-json\/wp\/v2\/categories?post=613"},{"taxonomy":"post_tag","embeddable":true,"href":"https:\/\/schillerlegal.ch\/fr\/wp-json\/wp\/v2\/tags?post=613"},{"taxonomy":"area-of-activity","embeddable":true,"href":"https:\/\/schillerlegal.ch\/fr\/wp-json\/wp\/v2\/area-of-activity?post=613"}],"curies":[{"name":"wp","href":"https:\/\/api.w.org\/{rel}","templated":true}]}}