{"id":578,"date":"2019-09-19T12:01:00","date_gmt":"2019-09-19T10:01:00","guid":{"rendered":"https:\/\/schiller.site-preview.ch\/?p=578"},"modified":"2024-06-10T16:12:14","modified_gmt":"2024-06-10T14:12:14","slug":"juristische-weiterbildungsveranstaltung-am-12-november-2019-konsumentenschutz-herausforderung-fuer-die-unternehmen","status":"publish","type":"post","link":"https:\/\/schillerlegal.ch\/fr\/juristische-weiterbildungsveranstaltung-am-12-november-2019-konsumentenschutz-herausforderung-fuer-die-unternehmen\/","title":{"rendered":"Juristische Weiterbildungsveranstaltung am 12. November 2019\u00a0\u00a0\u00ab\u00a0Konsumentenschutz &#8211; Herausforderung f\u00fcr die Unternehmen\u00a0\u00bb"},"content":{"rendered":"\n<p>Am Dienstag, 12. November 2019 f\u00fchren Schiller Rechtsanw\u00e4lte zum sechsten&nbsp;Mal ihre Weiterbildungsveranstaltung f\u00fcr Unternehmen und Unternehmer durch. Thema des diesj\u00e4hrigen Seminars ist der&nbsp;Konsumentenschutz aus der Sicht der Unternehmen.&nbsp;<\/p>\n\n\n\n<p>Von 17.00 bis 18.30 Uhr referieren Michael Hochstrasser, Lukas Herforth&nbsp;und Dorothee Auw\u00e4rter&nbsp;\u00fcber die Grunds\u00e4tze des Konsumentenschutzes&nbsp;und was dies&nbsp;f\u00fcr die Unternehmen bedeutet. Sie zeigen, was bei der Verwendung von Allgemeinen Gesch\u00e4ftsbedingungen (AGB) und beim Betrieb eines Webshops zu beachten ist. Sie erkl\u00e4ren, worauf bei der Herstellung von Produkten zu achten ist und&nbsp;welche Vorschriften f\u00fcr die Inverkehrbringung &nbsp;von Produkten gelten.&nbsp;Im Anschluss an die Referate gibt es einen&nbsp;Ap\u00e9ro.&nbsp;<\/p>\n\n\n\n<p>Weitere Informationen zum Seminar und zur Anmeldung entnehmen Sie bitte dem\u00a0<a href=\"https:\/\/schillerlegal.ch\/wp-content\/uploads\/2024\/05\/Schiller_Einladung_2019_GZD_.pdf\">Flyer<\/a>;\u00a0ausserdem k\u00f6nnen Sie uns telefonisch (052 269 16 16) oder per E-Mail (<a href=\"mailto:office@schillerlegal.ch\">office@schillerlegal.ch<\/a>) kontaktieren.<\/p>\n\n\n\n<h2 class=\"wp-block-heading\">Autor<\/h2>\n\n\n<div class=\"indy-block-people\">\n  <div class=\"row\">\n                  <div class=\"person col-md-6 col-lg-4 col-xl-3\">\n          <article class=\"tease tease-team-member\" id=\"tease-1064\">\n\t\t\t<div class=\"portrait\">\n\t\t<img decoding=\"async\" src=\"https:\/\/schillerlegal.ch\/wp-content\/uploads\/2024\/06\/cropped_0028_DSC02042-300x0-c-default.jpg\" srcset=\"https:\/\/schillerlegal.ch\/wp-content\/uploads\/2024\/06\/cropped_0028_DSC02042-300x0-c-default.jpg 1x, https:\/\/schillerlegal.ch\/wp-content\/uploads\/2024\/06\/cropped_0028_DSC02042-600x0-c-default.jpg 2x\">\n\t<\/div>\n\t<div class=\"text\">\n\t\t<h5 class=\"title\">Daniel Maritz<\/h5>\n\t\t<div class=\"sub\">\n\t\t\t<div class=\"position\">Partenaire<\/div>\n\t\t\t<div class=\"arrow-icon\"><?xml version=\"1.0\" encoding=\"utf-8\"?>\n<!-- Generator: Adobe Illustrator 28.2.0, SVG Export Plug-In . SVG Version: 6.00 Build 0)  -->\n<svg version=\"1.1\" id=\"uuid-0d01a91a-173c-4929-a2a8-92feee4570de\"\n\t xmlns=\"http:\/\/www.w3.org\/2000\/svg\" xmlns:xlink=\"http:\/\/www.w3.org\/1999\/xlink\" x=\"0px\" y=\"0px\" viewBox=\"0 0 40.2 18\"\n\t style=\"enable-background:new 0 0 40.2 18;\" xml:space=\"preserve\">\n<g id=\"uuid-337baa6b-6f6e-46a6-ab3d-80cfea9952c5\">\n\t<path id=\"uuid-42a080c4-afe9-4bb8-80e1-1e35f5b11246\" d=\"M31.2,18l-1.7-1.7l6.1-6.1H0V7.8h35.6l-6.1-6.2L31.2,0l9,9L31.2,18\n\t\tL31.2,18z\"\/>\n<\/g>\n<\/svg>\n<\/div>\n\t\t<\/div>\n\t<\/div>\n\t<a class=\"link\" href=\"https:\/\/schillerlegal.ch\/fr\/membre-de-lequipe\/daniel-maritz\/\">\n\t\t<span class=\"visually-hidden\">Go to article<\/span>\n\t<\/a>\n<\/article>\n        <\/div>\n            <\/div>\n<\/div>\n","protected":false},"excerpt":{"rendered":"<p>Am Dienstag, 12. November 2019 f\u00fchren Schiller Rechtsanw\u00e4lte zum sechsten&nbsp;Mal ihre Weiterbildungsveranstaltung f\u00fcr Unternehmen und Unternehmer durch. Thema des diesj\u00e4hrigen Seminars ist der&nbsp;Konsumentenschutz aus der Sicht der Unternehmen.&nbsp; Von 17.00 bis 18.30 Uhr referieren Michael Hochstrasser, Lukas Herforth&nbsp;und Dorothee Auw\u00e4rter&nbsp;\u00fcber die Grunds\u00e4tze des Konsumentenschutzes&nbsp;und was dies&nbsp;f\u00fcr die Unternehmen bedeutet. Sie zeigen, was bei der Verwendung [&hellip;]<\/p>\n","protected":false},"author":4,"featured_media":0,"comment_status":"closed","ping_status":"closed","sticky":false,"template":"","format":"standard","meta":{"_acf_changed":false,"footnotes":""},"categories":[1],"tags":[],"area-of-activity":[2],"class_list":["post-578","post","type-post","status-publish","format-standard","hentry","category-unkategorisiert","area-of-activity-wirtschafts-und-handelsrecht"],"acf":[],"yoast_head":"<!-- This site is optimized with the Yoast SEO plugin v27.3 - https:\/\/yoast.com\/product\/yoast-seo-wordpress\/ -->\n<title>Juristische Weiterbildungsveranstaltung am 12. November 2019\u00a0\u00a0&quot;Konsumentenschutz - Herausforderung f\u00fcr die Unternehmen&quot; - Schiller Rechtsanw\u00e4lte AG<\/title>\n<meta name=\"robots\" content=\"index, follow, max-snippet:-1, max-image-preview:large, max-video-preview:-1\" \/>\n<link rel=\"canonical\" href=\"https:\/\/schillerlegal.ch\/fr\/juristische-weiterbildungsveranstaltung-am-12-november-2019-konsumentenschutz-herausforderung-fuer-die-unternehmen\/\" \/>\n<meta property=\"og:locale\" content=\"fr_FR\" \/>\n<meta property=\"og:type\" content=\"article\" \/>\n<meta property=\"og:title\" content=\"Juristische Weiterbildungsveranstaltung am 12. November 2019\u00a0\u00a0&quot;Konsumentenschutz - Herausforderung f\u00fcr die Unternehmen&quot; - Schiller Rechtsanw\u00e4lte AG\" \/>\n<meta property=\"og:description\" content=\"Am Dienstag, 12. November 2019 f\u00fchren Schiller Rechtsanw\u00e4lte zum sechsten&nbsp;Mal ihre Weiterbildungsveranstaltung f\u00fcr Unternehmen und Unternehmer durch. Thema des diesj\u00e4hrigen Seminars ist der&nbsp;Konsumentenschutz aus der Sicht der Unternehmen.&nbsp; Von 17.00 bis 18.30 Uhr referieren Michael Hochstrasser, Lukas Herforth&nbsp;und Dorothee Auw\u00e4rter&nbsp;\u00fcber die Grunds\u00e4tze des Konsumentenschutzes&nbsp;und was dies&nbsp;f\u00fcr die Unternehmen bedeutet. Sie zeigen, was bei der Verwendung [&hellip;]\" \/>\n<meta property=\"og:url\" content=\"https:\/\/schillerlegal.ch\/fr\/juristische-weiterbildungsveranstaltung-am-12-november-2019-konsumentenschutz-herausforderung-fuer-die-unternehmen\/\" \/>\n<meta property=\"og:site_name\" content=\"Schiller Rechtsanw\u00e4lte AG\" \/>\n<meta property=\"article:published_time\" content=\"2019-09-19T10:01:00+00:00\" \/>\n<meta property=\"article:modified_time\" content=\"2024-06-10T14:12:14+00:00\" \/>\n<meta name=\"author\" content=\"pusparasa\" \/>\n<meta name=\"twitter:card\" content=\"summary_large_image\" \/>\n<meta name=\"twitter:label1\" content=\"\u00c9crit par\" \/>\n\t<meta name=\"twitter:data1\" content=\"pusparasa\" \/>\n\t<meta name=\"twitter:label2\" content=\"Dur\u00e9e de lecture estim\u00e9e\" \/>\n\t<meta name=\"twitter:data2\" content=\"1 minute\" \/>\n<script type=\"application\/ld+json\" class=\"yoast-schema-graph\">{\"@context\":\"https:\\\/\\\/schema.org\",\"@graph\":[{\"@type\":\"Article\",\"@id\":\"https:\\\/\\\/schillerlegal.ch\\\/fr\\\/juristische-weiterbildungsveranstaltung-am-12-november-2019-konsumentenschutz-herausforderung-fuer-die-unternehmen\\\/#article\",\"isPartOf\":{\"@id\":\"https:\\\/\\\/schillerlegal.ch\\\/fr\\\/juristische-weiterbildungsveranstaltung-am-12-november-2019-konsumentenschutz-herausforderung-fuer-die-unternehmen\\\/\"},\"author\":{\"name\":\"pusparasa\",\"@id\":\"https:\\\/\\\/schillerlegal.ch\\\/fr\\\/#\\\/schema\\\/person\\\/86726a4d370a54cd2152caf17b64d98c\"},\"headline\":\"Juristische Weiterbildungsveranstaltung am 12. November 2019\u00a0\u00a0\u00ab\u00a0Konsumentenschutz &#8211; Herausforderung f\u00fcr die Unternehmen\u00a0\u00bb\",\"datePublished\":\"2019-09-19T10:01:00+00:00\",\"dateModified\":\"2024-06-10T14:12:14+00:00\",\"mainEntityOfPage\":{\"@id\":\"https:\\\/\\\/schillerlegal.ch\\\/fr\\\/juristische-weiterbildungsveranstaltung-am-12-november-2019-konsumentenschutz-herausforderung-fuer-die-unternehmen\\\/\"},\"wordCount\":158,\"articleSection\":[\"Unkategorisiert\"],\"inLanguage\":\"fr-FR\"},{\"@type\":\"WebPage\",\"@id\":\"https:\\\/\\\/schillerlegal.ch\\\/fr\\\/juristische-weiterbildungsveranstaltung-am-12-november-2019-konsumentenschutz-herausforderung-fuer-die-unternehmen\\\/\",\"url\":\"https:\\\/\\\/schillerlegal.ch\\\/fr\\\/juristische-weiterbildungsveranstaltung-am-12-november-2019-konsumentenschutz-herausforderung-fuer-die-unternehmen\\\/\",\"name\":\"Juristische Weiterbildungsveranstaltung am 12. November 2019\u00a0\u00a0\\\"Konsumentenschutz - Herausforderung f\u00fcr die Unternehmen\\\" - Schiller Rechtsanw\u00e4lte AG\",\"isPartOf\":{\"@id\":\"https:\\\/\\\/schillerlegal.ch\\\/fr\\\/#website\"},\"datePublished\":\"2019-09-19T10:01:00+00:00\",\"dateModified\":\"2024-06-10T14:12:14+00:00\",\"author\":{\"@id\":\"https:\\\/\\\/schillerlegal.ch\\\/fr\\\/#\\\/schema\\\/person\\\/86726a4d370a54cd2152caf17b64d98c\"},\"breadcrumb\":{\"@id\":\"https:\\\/\\\/schillerlegal.ch\\\/fr\\\/juristische-weiterbildungsveranstaltung-am-12-november-2019-konsumentenschutz-herausforderung-fuer-die-unternehmen\\\/#breadcrumb\"},\"inLanguage\":\"fr-FR\",\"potentialAction\":[{\"@type\":\"ReadAction\",\"target\":[\"https:\\\/\\\/schillerlegal.ch\\\/fr\\\/juristische-weiterbildungsveranstaltung-am-12-november-2019-konsumentenschutz-herausforderung-fuer-die-unternehmen\\\/\"]}]},{\"@type\":\"BreadcrumbList\",\"@id\":\"https:\\\/\\\/schillerlegal.ch\\\/fr\\\/juristische-weiterbildungsveranstaltung-am-12-november-2019-konsumentenschutz-herausforderung-fuer-die-unternehmen\\\/#breadcrumb\",\"itemListElement\":[{\"@type\":\"ListItem\",\"position\":1,\"name\":\"Startseite\",\"item\":\"https:\\\/\\\/schillerlegal.ch\\\/fr\\\/\"},{\"@type\":\"ListItem\",\"position\":2,\"name\":\"Juristische Weiterbildungsveranstaltung am 12. November 2019\u00a0\u00a0&#8222;Konsumentenschutz &#8211; Herausforderung f\u00fcr die Unternehmen&#8220;\"}]},{\"@type\":\"WebSite\",\"@id\":\"https:\\\/\\\/schillerlegal.ch\\\/fr\\\/#website\",\"url\":\"https:\\\/\\\/schillerlegal.ch\\\/fr\\\/\",\"name\":\"Schiller Rechtsanw\u00e4lte AG\",\"description\":\"\",\"potentialAction\":[{\"@type\":\"SearchAction\",\"target\":{\"@type\":\"EntryPoint\",\"urlTemplate\":\"https:\\\/\\\/schillerlegal.ch\\\/fr\\\/?s={search_term_string}\"},\"query-input\":{\"@type\":\"PropertyValueSpecification\",\"valueRequired\":true,\"valueName\":\"search_term_string\"}}],\"inLanguage\":\"fr-FR\"},{\"@type\":\"Person\",\"@id\":\"https:\\\/\\\/schillerlegal.ch\\\/fr\\\/#\\\/schema\\\/person\\\/86726a4d370a54cd2152caf17b64d98c\",\"name\":\"pusparasa\",\"image\":{\"@type\":\"ImageObject\",\"inLanguage\":\"fr-FR\",\"@id\":\"https:\\\/\\\/secure.gravatar.com\\\/avatar\\\/e9f835021a048f6c442857ae71474ebb0556524367848367a10b076cec21d2ea?s=96&d=mm&r=g\",\"url\":\"https:\\\/\\\/secure.gravatar.com\\\/avatar\\\/e9f835021a048f6c442857ae71474ebb0556524367848367a10b076cec21d2ea?s=96&d=mm&r=g\",\"contentUrl\":\"https:\\\/\\\/secure.gravatar.com\\\/avatar\\\/e9f835021a048f6c442857ae71474ebb0556524367848367a10b076cec21d2ea?s=96&d=mm&r=g\",\"caption\":\"pusparasa\"},\"url\":\"https:\\\/\\\/schillerlegal.ch\\\/fr\\\/author\\\/pusparasa\\\/\"}]}<\/script>\n<!-- \/ Yoast SEO plugin. -->","yoast_head_json":{"title":"Juristische Weiterbildungsveranstaltung am 12. November 2019\u00a0\u00a0\"Konsumentenschutz - Herausforderung f\u00fcr die Unternehmen\" - Schiller Rechtsanw\u00e4lte AG","robots":{"index":"index","follow":"follow","max-snippet":"max-snippet:-1","max-image-preview":"max-image-preview:large","max-video-preview":"max-video-preview:-1"},"canonical":"https:\/\/schillerlegal.ch\/fr\/juristische-weiterbildungsveranstaltung-am-12-november-2019-konsumentenschutz-herausforderung-fuer-die-unternehmen\/","og_locale":"fr_FR","og_type":"article","og_title":"Juristische Weiterbildungsveranstaltung am 12. November 2019\u00a0\u00a0\"Konsumentenschutz - Herausforderung f\u00fcr die Unternehmen\" - Schiller Rechtsanw\u00e4lte AG","og_description":"Am Dienstag, 12. November 2019 f\u00fchren Schiller Rechtsanw\u00e4lte zum sechsten&nbsp;Mal ihre Weiterbildungsveranstaltung f\u00fcr Unternehmen und Unternehmer durch. Thema des diesj\u00e4hrigen Seminars ist der&nbsp;Konsumentenschutz aus der Sicht der Unternehmen.&nbsp; Von 17.00 bis 18.30 Uhr referieren Michael Hochstrasser, Lukas Herforth&nbsp;und Dorothee Auw\u00e4rter&nbsp;\u00fcber die Grunds\u00e4tze des Konsumentenschutzes&nbsp;und was dies&nbsp;f\u00fcr die Unternehmen bedeutet. Sie zeigen, was bei der Verwendung [&hellip;]","og_url":"https:\/\/schillerlegal.ch\/fr\/juristische-weiterbildungsveranstaltung-am-12-november-2019-konsumentenschutz-herausforderung-fuer-die-unternehmen\/","og_site_name":"Schiller Rechtsanw\u00e4lte AG","article_published_time":"2019-09-19T10:01:00+00:00","article_modified_time":"2024-06-10T14:12:14+00:00","author":"pusparasa","twitter_card":"summary_large_image","twitter_misc":{"\u00c9crit par":"pusparasa","Dur\u00e9e de lecture estim\u00e9e":"1 minute"},"schema":{"@context":"https:\/\/schema.org","@graph":[{"@type":"Article","@id":"https:\/\/schillerlegal.ch\/fr\/juristische-weiterbildungsveranstaltung-am-12-november-2019-konsumentenschutz-herausforderung-fuer-die-unternehmen\/#article","isPartOf":{"@id":"https:\/\/schillerlegal.ch\/fr\/juristische-weiterbildungsveranstaltung-am-12-november-2019-konsumentenschutz-herausforderung-fuer-die-unternehmen\/"},"author":{"name":"pusparasa","@id":"https:\/\/schillerlegal.ch\/fr\/#\/schema\/person\/86726a4d370a54cd2152caf17b64d98c"},"headline":"Juristische Weiterbildungsveranstaltung am 12. November 2019\u00a0\u00a0\u00ab\u00a0Konsumentenschutz &#8211; Herausforderung f\u00fcr die Unternehmen\u00a0\u00bb","datePublished":"2019-09-19T10:01:00+00:00","dateModified":"2024-06-10T14:12:14+00:00","mainEntityOfPage":{"@id":"https:\/\/schillerlegal.ch\/fr\/juristische-weiterbildungsveranstaltung-am-12-november-2019-konsumentenschutz-herausforderung-fuer-die-unternehmen\/"},"wordCount":158,"articleSection":["Unkategorisiert"],"inLanguage":"fr-FR"},{"@type":"WebPage","@id":"https:\/\/schillerlegal.ch\/fr\/juristische-weiterbildungsveranstaltung-am-12-november-2019-konsumentenschutz-herausforderung-fuer-die-unternehmen\/","url":"https:\/\/schillerlegal.ch\/fr\/juristische-weiterbildungsveranstaltung-am-12-november-2019-konsumentenschutz-herausforderung-fuer-die-unternehmen\/","name":"Juristische Weiterbildungsveranstaltung am 12. November 2019\u00a0\u00a0\"Konsumentenschutz - Herausforderung f\u00fcr die Unternehmen\" - Schiller Rechtsanw\u00e4lte AG","isPartOf":{"@id":"https:\/\/schillerlegal.ch\/fr\/#website"},"datePublished":"2019-09-19T10:01:00+00:00","dateModified":"2024-06-10T14:12:14+00:00","author":{"@id":"https:\/\/schillerlegal.ch\/fr\/#\/schema\/person\/86726a4d370a54cd2152caf17b64d98c"},"breadcrumb":{"@id":"https:\/\/schillerlegal.ch\/fr\/juristische-weiterbildungsveranstaltung-am-12-november-2019-konsumentenschutz-herausforderung-fuer-die-unternehmen\/#breadcrumb"},"inLanguage":"fr-FR","potentialAction":[{"@type":"ReadAction","target":["https:\/\/schillerlegal.ch\/fr\/juristische-weiterbildungsveranstaltung-am-12-november-2019-konsumentenschutz-herausforderung-fuer-die-unternehmen\/"]}]},{"@type":"BreadcrumbList","@id":"https:\/\/schillerlegal.ch\/fr\/juristische-weiterbildungsveranstaltung-am-12-november-2019-konsumentenschutz-herausforderung-fuer-die-unternehmen\/#breadcrumb","itemListElement":[{"@type":"ListItem","position":1,"name":"Startseite","item":"https:\/\/schillerlegal.ch\/fr\/"},{"@type":"ListItem","position":2,"name":"Juristische Weiterbildungsveranstaltung am 12. November 2019\u00a0\u00a0&#8222;Konsumentenschutz &#8211; Herausforderung f\u00fcr die Unternehmen&#8220;"}]},{"@type":"WebSite","@id":"https:\/\/schillerlegal.ch\/fr\/#website","url":"https:\/\/schillerlegal.ch\/fr\/","name":"Schiller Rechtsanw\u00e4lte AG","description":"","potentialAction":[{"@type":"SearchAction","target":{"@type":"EntryPoint","urlTemplate":"https:\/\/schillerlegal.ch\/fr\/?s={search_term_string}"},"query-input":{"@type":"PropertyValueSpecification","valueRequired":true,"valueName":"search_term_string"}}],"inLanguage":"fr-FR"},{"@type":"Person","@id":"https:\/\/schillerlegal.ch\/fr\/#\/schema\/person\/86726a4d370a54cd2152caf17b64d98c","name":"pusparasa","image":{"@type":"ImageObject","inLanguage":"fr-FR","@id":"https:\/\/secure.gravatar.com\/avatar\/e9f835021a048f6c442857ae71474ebb0556524367848367a10b076cec21d2ea?s=96&d=mm&r=g","url":"https:\/\/secure.gravatar.com\/avatar\/e9f835021a048f6c442857ae71474ebb0556524367848367a10b076cec21d2ea?s=96&d=mm&r=g","contentUrl":"https:\/\/secure.gravatar.com\/avatar\/e9f835021a048f6c442857ae71474ebb0556524367848367a10b076cec21d2ea?s=96&d=mm&r=g","caption":"pusparasa"},"url":"https:\/\/schillerlegal.ch\/fr\/author\/pusparasa\/"}]}},"_links":{"self":[{"href":"https:\/\/schillerlegal.ch\/fr\/wp-json\/wp\/v2\/posts\/578","targetHints":{"allow":["GET"]}}],"collection":[{"href":"https:\/\/schillerlegal.ch\/fr\/wp-json\/wp\/v2\/posts"}],"about":[{"href":"https:\/\/schillerlegal.ch\/fr\/wp-json\/wp\/v2\/types\/post"}],"author":[{"embeddable":true,"href":"https:\/\/schillerlegal.ch\/fr\/wp-json\/wp\/v2\/users\/4"}],"replies":[{"embeddable":true,"href":"https:\/\/schillerlegal.ch\/fr\/wp-json\/wp\/v2\/comments?post=578"}],"version-history":[{"count":3,"href":"https:\/\/schillerlegal.ch\/fr\/wp-json\/wp\/v2\/posts\/578\/revisions"}],"predecessor-version":[{"id":825,"href":"https:\/\/schillerlegal.ch\/fr\/wp-json\/wp\/v2\/posts\/578\/revisions\/825"}],"wp:attachment":[{"href":"https:\/\/schillerlegal.ch\/fr\/wp-json\/wp\/v2\/media?parent=578"}],"wp:term":[{"taxonomy":"category","embeddable":true,"href":"https:\/\/schillerlegal.ch\/fr\/wp-json\/wp\/v2\/categories?post=578"},{"taxonomy":"post_tag","embeddable":true,"href":"https:\/\/schillerlegal.ch\/fr\/wp-json\/wp\/v2\/tags?post=578"},{"taxonomy":"area-of-activity","embeddable":true,"href":"https:\/\/schillerlegal.ch\/fr\/wp-json\/wp\/v2\/area-of-activity?post=578"}],"curies":[{"name":"wp","href":"https:\/\/api.w.org\/{rel}","templated":true}]}}