{"id":479,"date":"2014-10-15T12:01:00","date_gmt":"2014-10-15T10:01:00","guid":{"rendered":"https:\/\/schiller.site-preview.ch\/?p=479"},"modified":"2024-06-12T15:55:07","modified_gmt":"2024-06-12T13:55:07","slug":"seminar-corporate-governance-und-compliance","status":"publish","type":"post","link":"https:\/\/schillerlegal.ch\/fr\/seminar-corporate-governance-und-compliance\/","title":{"rendered":"Seminar Corporate Governance und Compliance"},"content":{"rendered":"\n<p>Schiller Rechtsanw\u00e4lte f\u00fchren am Montag, 17. November 2014 von 17.00 bis 18.30 Uhr, mit anschliessendem Ap\u00e9ro, ein Seminar zum Thema Corporate Governance und Compliance f\u00fcr KMU durch. Eingeladen sind alle Unternehmen und Unternehmer in und um Winterthur (Teilnehmerzahl beschr\u00e4nkt). Corporate Governance und Compliance betreffen die zweckm\u00e4ssige Organisation von Unternehmen und die Einhaltung der f\u00fcr das Unternehmen massgeblichen Vorschriften. Mit diesen Fragen musste sich jedes Unternehmen schon immer auseinandersetzen. Heute erfordern sie erh\u00f6hte Aufmerksamkeit, um Haftungsrisiken sowie das Risiko von verwaltungs- oder strafrechtlichen Sanktionen zu minimieren. Gerade f\u00fcr KMU gilt es aber auch, den Aufwand f\u00fcr Corporate Governance und Compliance in vern\u00fcnftigen Grenzen zu halten. Informationen zum Seminar und zur Anmeldung erhalten Sie unter der Telefonnummer 052 269 16 16.<\/p>\n\n\n\n<h2 class=\"wp-block-heading\">Autoren<\/h2>\n\n\n<div class=\"indy-block-people\">\n  <div class=\"row\">\n                  <div class=\"person col-md-6 col-lg-4 col-xl-3\">\n          <article class=\"tease tease-team-member\" id=\"tease-1046\">\n\t\t\t<div class=\"portrait\">\n\t\t<img decoding=\"async\" src=\"https:\/\/schillerlegal.ch\/wp-content\/uploads\/2024\/05\/cropped_0031_DSC02000-300x0-c-default.jpg\" srcset=\"https:\/\/schillerlegal.ch\/wp-content\/uploads\/2024\/05\/cropped_0031_DSC02000-300x0-c-default.jpg 1x, https:\/\/schillerlegal.ch\/wp-content\/uploads\/2024\/05\/cropped_0031_DSC02000-600x0-c-default.jpg 2x\">\n\t<\/div>\n\t<div class=\"text\">\n\t\t<h5 class=\"title\">Heinrich Hempel<\/h5>\n\t\t<div class=\"sub\">\n\t\t\t<div class=\"position\">Partenaire<\/div>\n\t\t\t<div class=\"arrow-icon\"><?xml version=\"1.0\" encoding=\"utf-8\"?>\n<!-- Generator: Adobe Illustrator 28.2.0, SVG Export Plug-In . SVG Version: 6.00 Build 0)  -->\n<svg version=\"1.1\" id=\"uuid-0d01a91a-173c-4929-a2a8-92feee4570de\"\n\t xmlns=\"http:\/\/www.w3.org\/2000\/svg\" xmlns:xlink=\"http:\/\/www.w3.org\/1999\/xlink\" x=\"0px\" y=\"0px\" viewBox=\"0 0 40.2 18\"\n\t style=\"enable-background:new 0 0 40.2 18;\" xml:space=\"preserve\">\n<g id=\"uuid-337baa6b-6f6e-46a6-ab3d-80cfea9952c5\">\n\t<path id=\"uuid-42a080c4-afe9-4bb8-80e1-1e35f5b11246\" d=\"M31.2,18l-1.7-1.7l6.1-6.1H0V7.8h35.6l-6.1-6.2L31.2,0l9,9L31.2,18\n\t\tL31.2,18z\"\/>\n<\/g>\n<\/svg>\n<\/div>\n\t\t<\/div>\n\t<\/div>\n\t<a class=\"link\" href=\"https:\/\/schillerlegal.ch\/fr\/membre-de-lequipe\/heinrich-hempel\/\">\n\t\t<span class=\"visually-hidden\">Go to article<\/span>\n\t<\/a>\n<\/article>\n        <\/div>\n              <div class=\"person col-md-6 col-lg-4 col-xl-3\">\n          <article class=\"tease tease-team-member\" id=\"tease-1050\">\n\t\t\t<div class=\"portrait\">\n\t\t<img decoding=\"async\" src=\"https:\/\/schillerlegal.ch\/wp-content\/uploads\/2024\/05\/cropped_0049_DSC01591-300x0-c-default.jpg\" srcset=\"https:\/\/schillerlegal.ch\/wp-content\/uploads\/2024\/05\/cropped_0049_DSC01591-300x0-c-default.jpg 1x, https:\/\/schillerlegal.ch\/wp-content\/uploads\/2024\/05\/cropped_0049_DSC01591-600x0-c-default.jpg 2x\">\n\t<\/div>\n\t<div class=\"text\">\n\t\t<h5 class=\"title\">Michael Hochstrasser<\/h5>\n\t\t<div class=\"sub\">\n\t\t\t<div class=\"position\">Partenaire<\/div>\n\t\t\t<div class=\"arrow-icon\"><?xml version=\"1.0\" encoding=\"utf-8\"?>\n<!-- Generator: Adobe Illustrator 28.2.0, SVG Export Plug-In . SVG Version: 6.00 Build 0)  -->\n<svg version=\"1.1\" id=\"uuid-0d01a91a-173c-4929-a2a8-92feee4570de\"\n\t xmlns=\"http:\/\/www.w3.org\/2000\/svg\" xmlns:xlink=\"http:\/\/www.w3.org\/1999\/xlink\" x=\"0px\" y=\"0px\" viewBox=\"0 0 40.2 18\"\n\t style=\"enable-background:new 0 0 40.2 18;\" xml:space=\"preserve\">\n<g id=\"uuid-337baa6b-6f6e-46a6-ab3d-80cfea9952c5\">\n\t<path id=\"uuid-42a080c4-afe9-4bb8-80e1-1e35f5b11246\" d=\"M31.2,18l-1.7-1.7l6.1-6.1H0V7.8h35.6l-6.1-6.2L31.2,0l9,9L31.2,18\n\t\tL31.2,18z\"\/>\n<\/g>\n<\/svg>\n<\/div>\n\t\t<\/div>\n\t<\/div>\n\t<a class=\"link\" href=\"https:\/\/schillerlegal.ch\/fr\/membre-de-lequipe\/michael-hochstrasser\/\">\n\t\t<span class=\"visually-hidden\">Go to article<\/span>\n\t<\/a>\n<\/article>\n        <\/div>\n              <div class=\"person col-md-6 col-lg-4 col-xl-3\">\n          <article class=\"tease tease-team-member\" id=\"tease-1030\">\n\t\t\t<div class=\"portrait\">\n\t\t<img decoding=\"async\" src=\"https:\/\/schillerlegal.ch\/wp-content\/uploads\/2024\/06\/cropped_0032_DSC01973-300x0-c-default.jpg\" srcset=\"https:\/\/schillerlegal.ch\/wp-content\/uploads\/2024\/06\/cropped_0032_DSC01973-300x0-c-default.jpg 1x, https:\/\/schillerlegal.ch\/wp-content\/uploads\/2024\/06\/cropped_0032_DSC01973-600x0-c-default.jpg 2x\">\n\t<\/div>\n\t<div class=\"text\">\n\t\t<h5 class=\"title\">Dorothee Auw\u00e4rter<\/h5>\n\t\t<div class=\"sub\">\n\t\t\t<div class=\"position\">Partenaire<\/div>\n\t\t\t<div class=\"arrow-icon\"><?xml version=\"1.0\" encoding=\"utf-8\"?>\n<!-- Generator: Adobe Illustrator 28.2.0, SVG Export Plug-In . SVG Version: 6.00 Build 0)  -->\n<svg version=\"1.1\" id=\"uuid-0d01a91a-173c-4929-a2a8-92feee4570de\"\n\t xmlns=\"http:\/\/www.w3.org\/2000\/svg\" xmlns:xlink=\"http:\/\/www.w3.org\/1999\/xlink\" x=\"0px\" y=\"0px\" viewBox=\"0 0 40.2 18\"\n\t style=\"enable-background:new 0 0 40.2 18;\" xml:space=\"preserve\">\n<g id=\"uuid-337baa6b-6f6e-46a6-ab3d-80cfea9952c5\">\n\t<path id=\"uuid-42a080c4-afe9-4bb8-80e1-1e35f5b11246\" d=\"M31.2,18l-1.7-1.7l6.1-6.1H0V7.8h35.6l-6.1-6.2L31.2,0l9,9L31.2,18\n\t\tL31.2,18z\"\/>\n<\/g>\n<\/svg>\n<\/div>\n\t\t<\/div>\n\t<\/div>\n\t<a class=\"link\" href=\"https:\/\/schillerlegal.ch\/fr\/membre-de-lequipe\/dorothee-auwaerter\/\">\n\t\t<span class=\"visually-hidden\">Go to article<\/span>\n\t<\/a>\n<\/article>\n        <\/div>\n            <\/div>\n<\/div>\n","protected":false},"excerpt":{"rendered":"<p>Schiller Rechtsanw\u00e4lte f\u00fchren am Montag, 17. November 2014 von 17.00 bis 18.30 Uhr, mit anschliessendem Ap\u00e9ro, ein Seminar zum Thema Corporate Governance und Compliance f\u00fcr KMU durch. Eingeladen sind alle Unternehmen und Unternehmer in und um Winterthur (Teilnehmerzahl beschr\u00e4nkt). Corporate Governance und Compliance betreffen die zweckm\u00e4ssige Organisation von Unternehmen und die Einhaltung der f\u00fcr das [&hellip;]<\/p>\n","protected":false},"author":4,"featured_media":0,"comment_status":"closed","ping_status":"closed","sticky":false,"template":"","format":"standard","meta":{"_acf_changed":false,"footnotes":""},"categories":[1],"tags":[],"area-of-activity":[2],"class_list":["post-479","post","type-post","status-publish","format-standard","hentry","category-unkategorisiert","area-of-activity-wirtschafts-und-handelsrecht"],"acf":[],"yoast_head":"<!-- This site is optimized with the Yoast SEO plugin v27.3 - https:\/\/yoast.com\/product\/yoast-seo-wordpress\/ -->\n<title>Seminar Corporate Governance und Compliance - Schiller Rechtsanw\u00e4lte AG<\/title>\n<meta name=\"robots\" content=\"index, follow, max-snippet:-1, max-image-preview:large, max-video-preview:-1\" \/>\n<link rel=\"canonical\" href=\"https:\/\/schillerlegal.ch\/fr\/seminar-corporate-governance-und-compliance\/\" \/>\n<meta property=\"og:locale\" content=\"fr_FR\" \/>\n<meta property=\"og:type\" content=\"article\" \/>\n<meta property=\"og:title\" content=\"Seminar Corporate Governance und Compliance - Schiller Rechtsanw\u00e4lte AG\" \/>\n<meta property=\"og:description\" content=\"Schiller Rechtsanw\u00e4lte f\u00fchren am Montag, 17. November 2014 von 17.00 bis 18.30 Uhr, mit anschliessendem Ap\u00e9ro, ein Seminar zum Thema Corporate Governance und Compliance f\u00fcr KMU durch. Eingeladen sind alle Unternehmen und Unternehmer in und um Winterthur (Teilnehmerzahl beschr\u00e4nkt). Corporate Governance und Compliance betreffen die zweckm\u00e4ssige Organisation von Unternehmen und die Einhaltung der f\u00fcr das [&hellip;]\" \/>\n<meta property=\"og:url\" content=\"https:\/\/schillerlegal.ch\/fr\/seminar-corporate-governance-und-compliance\/\" \/>\n<meta property=\"og:site_name\" content=\"Schiller Rechtsanw\u00e4lte AG\" \/>\n<meta property=\"article:published_time\" content=\"2014-10-15T10:01:00+00:00\" \/>\n<meta property=\"article:modified_time\" content=\"2024-06-12T13:55:07+00:00\" \/>\n<meta name=\"author\" content=\"pusparasa\" \/>\n<meta name=\"twitter:card\" content=\"summary_large_image\" \/>\n<meta name=\"twitter:label1\" content=\"\u00c9crit par\" \/>\n\t<meta name=\"twitter:data1\" content=\"pusparasa\" \/>\n\t<meta name=\"twitter:label2\" content=\"Dur\u00e9e de lecture estim\u00e9e\" \/>\n\t<meta name=\"twitter:data2\" content=\"1 minute\" \/>\n<script type=\"application\/ld+json\" class=\"yoast-schema-graph\">{\"@context\":\"https:\\\/\\\/schema.org\",\"@graph\":[{\"@type\":\"Article\",\"@id\":\"https:\\\/\\\/schillerlegal.ch\\\/fr\\\/seminar-corporate-governance-und-compliance\\\/#article\",\"isPartOf\":{\"@id\":\"https:\\\/\\\/schillerlegal.ch\\\/fr\\\/seminar-corporate-governance-und-compliance\\\/\"},\"author\":{\"name\":\"pusparasa\",\"@id\":\"https:\\\/\\\/schillerlegal.ch\\\/fr\\\/#\\\/schema\\\/person\\\/86726a4d370a54cd2152caf17b64d98c\"},\"headline\":\"Seminar Corporate Governance und Compliance\",\"datePublished\":\"2014-10-15T10:01:00+00:00\",\"dateModified\":\"2024-06-12T13:55:07+00:00\",\"mainEntityOfPage\":{\"@id\":\"https:\\\/\\\/schillerlegal.ch\\\/fr\\\/seminar-corporate-governance-und-compliance\\\/\"},\"wordCount\":128,\"articleSection\":[\"Unkategorisiert\"],\"inLanguage\":\"fr-FR\"},{\"@type\":\"WebPage\",\"@id\":\"https:\\\/\\\/schillerlegal.ch\\\/fr\\\/seminar-corporate-governance-und-compliance\\\/\",\"url\":\"https:\\\/\\\/schillerlegal.ch\\\/fr\\\/seminar-corporate-governance-und-compliance\\\/\",\"name\":\"Seminar Corporate Governance und Compliance - Schiller Rechtsanw\u00e4lte AG\",\"isPartOf\":{\"@id\":\"https:\\\/\\\/schillerlegal.ch\\\/fr\\\/#website\"},\"datePublished\":\"2014-10-15T10:01:00+00:00\",\"dateModified\":\"2024-06-12T13:55:07+00:00\",\"author\":{\"@id\":\"https:\\\/\\\/schillerlegal.ch\\\/fr\\\/#\\\/schema\\\/person\\\/86726a4d370a54cd2152caf17b64d98c\"},\"breadcrumb\":{\"@id\":\"https:\\\/\\\/schillerlegal.ch\\\/fr\\\/seminar-corporate-governance-und-compliance\\\/#breadcrumb\"},\"inLanguage\":\"fr-FR\",\"potentialAction\":[{\"@type\":\"ReadAction\",\"target\":[\"https:\\\/\\\/schillerlegal.ch\\\/fr\\\/seminar-corporate-governance-und-compliance\\\/\"]}]},{\"@type\":\"BreadcrumbList\",\"@id\":\"https:\\\/\\\/schillerlegal.ch\\\/fr\\\/seminar-corporate-governance-und-compliance\\\/#breadcrumb\",\"itemListElement\":[{\"@type\":\"ListItem\",\"position\":1,\"name\":\"Startseite\",\"item\":\"https:\\\/\\\/schillerlegal.ch\\\/fr\\\/\"},{\"@type\":\"ListItem\",\"position\":2,\"name\":\"Seminar Corporate Governance und Compliance\"}]},{\"@type\":\"WebSite\",\"@id\":\"https:\\\/\\\/schillerlegal.ch\\\/fr\\\/#website\",\"url\":\"https:\\\/\\\/schillerlegal.ch\\\/fr\\\/\",\"name\":\"Schiller Rechtsanw\u00e4lte AG\",\"description\":\"\",\"potentialAction\":[{\"@type\":\"SearchAction\",\"target\":{\"@type\":\"EntryPoint\",\"urlTemplate\":\"https:\\\/\\\/schillerlegal.ch\\\/fr\\\/?s={search_term_string}\"},\"query-input\":{\"@type\":\"PropertyValueSpecification\",\"valueRequired\":true,\"valueName\":\"search_term_string\"}}],\"inLanguage\":\"fr-FR\"},{\"@type\":\"Person\",\"@id\":\"https:\\\/\\\/schillerlegal.ch\\\/fr\\\/#\\\/schema\\\/person\\\/86726a4d370a54cd2152caf17b64d98c\",\"name\":\"pusparasa\",\"image\":{\"@type\":\"ImageObject\",\"inLanguage\":\"fr-FR\",\"@id\":\"https:\\\/\\\/secure.gravatar.com\\\/avatar\\\/e9f835021a048f6c442857ae71474ebb0556524367848367a10b076cec21d2ea?s=96&d=mm&r=g\",\"url\":\"https:\\\/\\\/secure.gravatar.com\\\/avatar\\\/e9f835021a048f6c442857ae71474ebb0556524367848367a10b076cec21d2ea?s=96&d=mm&r=g\",\"contentUrl\":\"https:\\\/\\\/secure.gravatar.com\\\/avatar\\\/e9f835021a048f6c442857ae71474ebb0556524367848367a10b076cec21d2ea?s=96&d=mm&r=g\",\"caption\":\"pusparasa\"},\"url\":\"https:\\\/\\\/schillerlegal.ch\\\/fr\\\/author\\\/pusparasa\\\/\"}]}<\/script>\n<!-- \/ Yoast SEO plugin. -->","yoast_head_json":{"title":"Seminar Corporate Governance und Compliance - Schiller Rechtsanw\u00e4lte AG","robots":{"index":"index","follow":"follow","max-snippet":"max-snippet:-1","max-image-preview":"max-image-preview:large","max-video-preview":"max-video-preview:-1"},"canonical":"https:\/\/schillerlegal.ch\/fr\/seminar-corporate-governance-und-compliance\/","og_locale":"fr_FR","og_type":"article","og_title":"Seminar Corporate Governance und Compliance - Schiller Rechtsanw\u00e4lte AG","og_description":"Schiller Rechtsanw\u00e4lte f\u00fchren am Montag, 17. November 2014 von 17.00 bis 18.30 Uhr, mit anschliessendem Ap\u00e9ro, ein Seminar zum Thema Corporate Governance und Compliance f\u00fcr KMU durch. Eingeladen sind alle Unternehmen und Unternehmer in und um Winterthur (Teilnehmerzahl beschr\u00e4nkt). Corporate Governance und Compliance betreffen die zweckm\u00e4ssige Organisation von Unternehmen und die Einhaltung der f\u00fcr das [&hellip;]","og_url":"https:\/\/schillerlegal.ch\/fr\/seminar-corporate-governance-und-compliance\/","og_site_name":"Schiller Rechtsanw\u00e4lte AG","article_published_time":"2014-10-15T10:01:00+00:00","article_modified_time":"2024-06-12T13:55:07+00:00","author":"pusparasa","twitter_card":"summary_large_image","twitter_misc":{"\u00c9crit par":"pusparasa","Dur\u00e9e de lecture estim\u00e9e":"1 minute"},"schema":{"@context":"https:\/\/schema.org","@graph":[{"@type":"Article","@id":"https:\/\/schillerlegal.ch\/fr\/seminar-corporate-governance-und-compliance\/#article","isPartOf":{"@id":"https:\/\/schillerlegal.ch\/fr\/seminar-corporate-governance-und-compliance\/"},"author":{"name":"pusparasa","@id":"https:\/\/schillerlegal.ch\/fr\/#\/schema\/person\/86726a4d370a54cd2152caf17b64d98c"},"headline":"Seminar Corporate Governance und Compliance","datePublished":"2014-10-15T10:01:00+00:00","dateModified":"2024-06-12T13:55:07+00:00","mainEntityOfPage":{"@id":"https:\/\/schillerlegal.ch\/fr\/seminar-corporate-governance-und-compliance\/"},"wordCount":128,"articleSection":["Unkategorisiert"],"inLanguage":"fr-FR"},{"@type":"WebPage","@id":"https:\/\/schillerlegal.ch\/fr\/seminar-corporate-governance-und-compliance\/","url":"https:\/\/schillerlegal.ch\/fr\/seminar-corporate-governance-und-compliance\/","name":"Seminar Corporate Governance und Compliance - Schiller Rechtsanw\u00e4lte AG","isPartOf":{"@id":"https:\/\/schillerlegal.ch\/fr\/#website"},"datePublished":"2014-10-15T10:01:00+00:00","dateModified":"2024-06-12T13:55:07+00:00","author":{"@id":"https:\/\/schillerlegal.ch\/fr\/#\/schema\/person\/86726a4d370a54cd2152caf17b64d98c"},"breadcrumb":{"@id":"https:\/\/schillerlegal.ch\/fr\/seminar-corporate-governance-und-compliance\/#breadcrumb"},"inLanguage":"fr-FR","potentialAction":[{"@type":"ReadAction","target":["https:\/\/schillerlegal.ch\/fr\/seminar-corporate-governance-und-compliance\/"]}]},{"@type":"BreadcrumbList","@id":"https:\/\/schillerlegal.ch\/fr\/seminar-corporate-governance-und-compliance\/#breadcrumb","itemListElement":[{"@type":"ListItem","position":1,"name":"Startseite","item":"https:\/\/schillerlegal.ch\/fr\/"},{"@type":"ListItem","position":2,"name":"Seminar Corporate Governance und Compliance"}]},{"@type":"WebSite","@id":"https:\/\/schillerlegal.ch\/fr\/#website","url":"https:\/\/schillerlegal.ch\/fr\/","name":"Schiller Rechtsanw\u00e4lte AG","description":"","potentialAction":[{"@type":"SearchAction","target":{"@type":"EntryPoint","urlTemplate":"https:\/\/schillerlegal.ch\/fr\/?s={search_term_string}"},"query-input":{"@type":"PropertyValueSpecification","valueRequired":true,"valueName":"search_term_string"}}],"inLanguage":"fr-FR"},{"@type":"Person","@id":"https:\/\/schillerlegal.ch\/fr\/#\/schema\/person\/86726a4d370a54cd2152caf17b64d98c","name":"pusparasa","image":{"@type":"ImageObject","inLanguage":"fr-FR","@id":"https:\/\/secure.gravatar.com\/avatar\/e9f835021a048f6c442857ae71474ebb0556524367848367a10b076cec21d2ea?s=96&d=mm&r=g","url":"https:\/\/secure.gravatar.com\/avatar\/e9f835021a048f6c442857ae71474ebb0556524367848367a10b076cec21d2ea?s=96&d=mm&r=g","contentUrl":"https:\/\/secure.gravatar.com\/avatar\/e9f835021a048f6c442857ae71474ebb0556524367848367a10b076cec21d2ea?s=96&d=mm&r=g","caption":"pusparasa"},"url":"https:\/\/schillerlegal.ch\/fr\/author\/pusparasa\/"}]}},"_links":{"self":[{"href":"https:\/\/schillerlegal.ch\/fr\/wp-json\/wp\/v2\/posts\/479","targetHints":{"allow":["GET"]}}],"collection":[{"href":"https:\/\/schillerlegal.ch\/fr\/wp-json\/wp\/v2\/posts"}],"about":[{"href":"https:\/\/schillerlegal.ch\/fr\/wp-json\/wp\/v2\/types\/post"}],"author":[{"embeddable":true,"href":"https:\/\/schillerlegal.ch\/fr\/wp-json\/wp\/v2\/users\/4"}],"replies":[{"embeddable":true,"href":"https:\/\/schillerlegal.ch\/fr\/wp-json\/wp\/v2\/comments?post=479"}],"version-history":[{"count":2,"href":"https:\/\/schillerlegal.ch\/fr\/wp-json\/wp\/v2\/posts\/479\/revisions"}],"predecessor-version":[{"id":907,"href":"https:\/\/schillerlegal.ch\/fr\/wp-json\/wp\/v2\/posts\/479\/revisions\/907"}],"wp:attachment":[{"href":"https:\/\/schillerlegal.ch\/fr\/wp-json\/wp\/v2\/media?parent=479"}],"wp:term":[{"taxonomy":"category","embeddable":true,"href":"https:\/\/schillerlegal.ch\/fr\/wp-json\/wp\/v2\/categories?post=479"},{"taxonomy":"post_tag","embeddable":true,"href":"https:\/\/schillerlegal.ch\/fr\/wp-json\/wp\/v2\/tags?post=479"},{"taxonomy":"area-of-activity","embeddable":true,"href":"https:\/\/schillerlegal.ch\/fr\/wp-json\/wp\/v2\/area-of-activity?post=479"}],"curies":[{"name":"wp","href":"https:\/\/api.w.org\/{rel}","templated":true}]}}