{"id":473,"date":"2014-03-11T12:01:00","date_gmt":"2014-03-11T11:01:00","guid":{"rendered":"https:\/\/schiller.site-preview.ch\/?p=473"},"modified":"2024-06-12T15:57:27","modified_gmt":"2024-06-12T13:57:27","slug":"asbest-baustoff-mit-rechtlicher-langzeitwirkung","status":"publish","type":"post","link":"https:\/\/schillerlegal.ch\/fr\/asbest-baustoff-mit-rechtlicher-langzeitwirkung\/","title":{"rendered":"Asbest &#8211; Baustoff mit rechtlicher Langzeitwirkung"},"content":{"rendered":"\n<p>Der Europ\u00e4ische Gerichtshof f\u00fcr Menschenrechte (EGMR) hat am 11. M\u00e4rz 2014 in der Rechtssache Moore et al. gegen die Schweiz (Rs. 52067\/10 und 41072\/11) einen Verstoss gegen Art. 6 Abs. 1 der Europ\u00e4ischen Menschenrechtskonvention (EMRK) festgestellt. Dass die 10-j\u00e4hrigen Verj\u00e4hrungs- und Verwirkungsfristen des Schweizer Rechts im Zeitpunkt der Exposition mit Asbest zu laufen beginnen, soll nach diesem Urteil die EMRK verletzen, weil der Anspruch verj\u00e4hrt oder verwirkt sein k\u00f6nne, bevor der Gesch\u00e4digte den Schaden kenne.<\/p>\n\n\n\n<p>Die Rechtssicherheit wird durch diesen Entscheid nicht gef\u00f6rdert. Seine Folgen f\u00fcr die juristische Praxis in der Schweiz sind noch offen.<\/p>\n\n\n\n<p>Schon vor dem Urteil des EGMR haben Beat Denzler und Daniel Maritz den Aufsatz \u00ab\u00a0Asbest &#8211; Baustoff mit rechtlicher Langzeitwirkung\u00a0\u00bb ver\u00f6ffentlicht (Schweizerische Baurechtstagung (BRT) 2013, S. 71-83). Sie befassten sich darin mit rechtlichen Fragen zu Asbest und gingen auch auf die schweizerische Gerichtspraxis zur Verj\u00e4hrung und Verwirkung sowie auf die laufende Revision des Verj\u00e4hrungsrechts ein.<\/p>\n\n\n\n<h2 class=\"wp-block-heading\">Autoren<\/h2>\n\n\n<div class=\"indy-block-people\">\n  <div class=\"row\">\n                  <div class=\"person col-md-6 col-lg-4 col-xl-3\">\n          <article class=\"tease tease-team-member\" id=\"tease-1038\">\n\t\t\t<div class=\"portrait\">\n\t\t<img decoding=\"async\" src=\"https:\/\/schillerlegal.ch\/wp-content\/uploads\/2024\/06\/cropped_0000_DSC02993-300x0-c-default.jpg\" srcset=\"https:\/\/schillerlegal.ch\/wp-content\/uploads\/2024\/06\/cropped_0000_DSC02993-300x0-c-default.jpg 1x, https:\/\/schillerlegal.ch\/wp-content\/uploads\/2024\/06\/cropped_0000_DSC02993-600x0-c-default.jpg 2x\">\n\t<\/div>\n\t<div class=\"text\">\n\t\t<h5 class=\"title\">Beat Denzler<\/h5>\n\t\t<div class=\"sub\">\n\t\t\t<div class=\"position\">Associ\u00e9<\/div>\n\t\t\t<div class=\"arrow-icon\"><?xml version=\"1.0\" encoding=\"utf-8\"?>\n<!-- Generator: Adobe Illustrator 28.2.0, SVG Export Plug-In . SVG Version: 6.00 Build 0)  -->\n<svg version=\"1.1\" id=\"uuid-0d01a91a-173c-4929-a2a8-92feee4570de\"\n\t xmlns=\"http:\/\/www.w3.org\/2000\/svg\" xmlns:xlink=\"http:\/\/www.w3.org\/1999\/xlink\" x=\"0px\" y=\"0px\" viewBox=\"0 0 40.2 18\"\n\t style=\"enable-background:new 0 0 40.2 18;\" xml:space=\"preserve\">\n<g id=\"uuid-337baa6b-6f6e-46a6-ab3d-80cfea9952c5\">\n\t<path id=\"uuid-42a080c4-afe9-4bb8-80e1-1e35f5b11246\" d=\"M31.2,18l-1.7-1.7l6.1-6.1H0V7.8h35.6l-6.1-6.2L31.2,0l9,9L31.2,18\n\t\tL31.2,18z\"\/>\n<\/g>\n<\/svg>\n<\/div>\n\t\t<\/div>\n\t<\/div>\n\t<a class=\"link\" href=\"https:\/\/schillerlegal.ch\/fr\/membre-de-lequipe\/beat-denzler\/\">\n\t\t<span class=\"visually-hidden\">Go to article<\/span>\n\t<\/a>\n<\/article>\n        <\/div>\n              <div class=\"person col-md-6 col-lg-4 col-xl-3\">\n          <article class=\"tease tease-team-member\" id=\"tease-1064\">\n\t\t\t<div class=\"portrait\">\n\t\t<img decoding=\"async\" src=\"https:\/\/schillerlegal.ch\/wp-content\/uploads\/2024\/06\/cropped_0028_DSC02042-300x0-c-default.jpg\" srcset=\"https:\/\/schillerlegal.ch\/wp-content\/uploads\/2024\/06\/cropped_0028_DSC02042-300x0-c-default.jpg 1x, https:\/\/schillerlegal.ch\/wp-content\/uploads\/2024\/06\/cropped_0028_DSC02042-600x0-c-default.jpg 2x\">\n\t<\/div>\n\t<div class=\"text\">\n\t\t<h5 class=\"title\">Daniel Maritz<\/h5>\n\t\t<div class=\"sub\">\n\t\t\t<div class=\"position\">Partenaire<\/div>\n\t\t\t<div class=\"arrow-icon\"><?xml version=\"1.0\" encoding=\"utf-8\"?>\n<!-- Generator: Adobe Illustrator 28.2.0, SVG Export Plug-In . SVG Version: 6.00 Build 0)  -->\n<svg version=\"1.1\" id=\"uuid-0d01a91a-173c-4929-a2a8-92feee4570de\"\n\t xmlns=\"http:\/\/www.w3.org\/2000\/svg\" xmlns:xlink=\"http:\/\/www.w3.org\/1999\/xlink\" x=\"0px\" y=\"0px\" viewBox=\"0 0 40.2 18\"\n\t style=\"enable-background:new 0 0 40.2 18;\" xml:space=\"preserve\">\n<g id=\"uuid-337baa6b-6f6e-46a6-ab3d-80cfea9952c5\">\n\t<path id=\"uuid-42a080c4-afe9-4bb8-80e1-1e35f5b11246\" d=\"M31.2,18l-1.7-1.7l6.1-6.1H0V7.8h35.6l-6.1-6.2L31.2,0l9,9L31.2,18\n\t\tL31.2,18z\"\/>\n<\/g>\n<\/svg>\n<\/div>\n\t\t<\/div>\n\t<\/div>\n\t<a class=\"link\" href=\"https:\/\/schillerlegal.ch\/fr\/membre-de-lequipe\/daniel-maritz\/\">\n\t\t<span class=\"visually-hidden\">Go to article<\/span>\n\t<\/a>\n<\/article>\n        <\/div>\n            <\/div>\n<\/div>\n","protected":false},"excerpt":{"rendered":"<p>Der Europ\u00e4ische Gerichtshof f\u00fcr Menschenrechte (EGMR) hat am 11. M\u00e4rz 2014 in der Rechtssache Moore et al. gegen die Schweiz (Rs. 52067\/10 und 41072\/11) einen Verstoss gegen Art. 6 Abs. 1 der Europ\u00e4ischen Menschenrechtskonvention (EMRK) festgestellt. Dass die 10-j\u00e4hrigen Verj\u00e4hrungs- und Verwirkungsfristen des Schweizer Rechts im Zeitpunkt der Exposition mit Asbest zu laufen beginnen, soll [&hellip;]<\/p>\n","protected":false},"author":4,"featured_media":0,"comment_status":"closed","ping_status":"closed","sticky":false,"template":"","format":"standard","meta":{"_acf_changed":false,"footnotes":""},"categories":[1],"tags":[],"area-of-activity":[20],"class_list":["post-473","post","type-post","status-publish","format-standard","hentry","category-unkategorisiert","area-of-activity-bau-und-immobilienrecht"],"acf":[],"yoast_head":"<!-- This site is optimized with the Yoast SEO plugin v27.3 - https:\/\/yoast.com\/product\/yoast-seo-wordpress\/ -->\n<title>Asbest - Baustoff mit rechtlicher Langzeitwirkung - Schiller Rechtsanw\u00e4lte AG<\/title>\n<meta name=\"robots\" content=\"index, follow, max-snippet:-1, max-image-preview:large, max-video-preview:-1\" \/>\n<link rel=\"canonical\" href=\"https:\/\/schillerlegal.ch\/fr\/asbest-baustoff-mit-rechtlicher-langzeitwirkung\/\" \/>\n<meta property=\"og:locale\" content=\"fr_FR\" \/>\n<meta property=\"og:type\" content=\"article\" \/>\n<meta property=\"og:title\" content=\"Asbest - Baustoff mit rechtlicher Langzeitwirkung - Schiller Rechtsanw\u00e4lte AG\" \/>\n<meta property=\"og:description\" content=\"Der Europ\u00e4ische Gerichtshof f\u00fcr Menschenrechte (EGMR) hat am 11. M\u00e4rz 2014 in der Rechtssache Moore et al. gegen die Schweiz (Rs. 52067\/10 und 41072\/11) einen Verstoss gegen Art. 6 Abs. 1 der Europ\u00e4ischen Menschenrechtskonvention (EMRK) festgestellt. Dass die 10-j\u00e4hrigen Verj\u00e4hrungs- und Verwirkungsfristen des Schweizer Rechts im Zeitpunkt der Exposition mit Asbest zu laufen beginnen, soll [&hellip;]\" \/>\n<meta property=\"og:url\" content=\"https:\/\/schillerlegal.ch\/fr\/asbest-baustoff-mit-rechtlicher-langzeitwirkung\/\" \/>\n<meta property=\"og:site_name\" content=\"Schiller Rechtsanw\u00e4lte AG\" \/>\n<meta property=\"article:published_time\" content=\"2014-03-11T11:01:00+00:00\" \/>\n<meta property=\"article:modified_time\" content=\"2024-06-12T13:57:27+00:00\" \/>\n<meta name=\"author\" content=\"pusparasa\" \/>\n<meta name=\"twitter:card\" content=\"summary_large_image\" \/>\n<meta name=\"twitter:label1\" content=\"\u00c9crit par\" \/>\n\t<meta name=\"twitter:data1\" content=\"pusparasa\" \/>\n\t<meta name=\"twitter:label2\" content=\"Dur\u00e9e de lecture estim\u00e9e\" \/>\n\t<meta name=\"twitter:data2\" content=\"1 minute\" \/>\n<script type=\"application\/ld+json\" class=\"yoast-schema-graph\">{\"@context\":\"https:\\\/\\\/schema.org\",\"@graph\":[{\"@type\":\"Article\",\"@id\":\"https:\\\/\\\/schillerlegal.ch\\\/fr\\\/asbest-baustoff-mit-rechtlicher-langzeitwirkung\\\/#article\",\"isPartOf\":{\"@id\":\"https:\\\/\\\/schillerlegal.ch\\\/fr\\\/asbest-baustoff-mit-rechtlicher-langzeitwirkung\\\/\"},\"author\":{\"name\":\"pusparasa\",\"@id\":\"https:\\\/\\\/schillerlegal.ch\\\/fr\\\/#\\\/schema\\\/person\\\/86726a4d370a54cd2152caf17b64d98c\"},\"headline\":\"Asbest &#8211; Baustoff mit rechtlicher Langzeitwirkung\",\"datePublished\":\"2014-03-11T11:01:00+00:00\",\"dateModified\":\"2024-06-12T13:57:27+00:00\",\"mainEntityOfPage\":{\"@id\":\"https:\\\/\\\/schillerlegal.ch\\\/fr\\\/asbest-baustoff-mit-rechtlicher-langzeitwirkung\\\/\"},\"wordCount\":164,\"articleSection\":[\"Unkategorisiert\"],\"inLanguage\":\"fr-FR\"},{\"@type\":\"WebPage\",\"@id\":\"https:\\\/\\\/schillerlegal.ch\\\/fr\\\/asbest-baustoff-mit-rechtlicher-langzeitwirkung\\\/\",\"url\":\"https:\\\/\\\/schillerlegal.ch\\\/fr\\\/asbest-baustoff-mit-rechtlicher-langzeitwirkung\\\/\",\"name\":\"Asbest - Baustoff mit rechtlicher Langzeitwirkung - Schiller Rechtsanw\u00e4lte AG\",\"isPartOf\":{\"@id\":\"https:\\\/\\\/schillerlegal.ch\\\/fr\\\/#website\"},\"datePublished\":\"2014-03-11T11:01:00+00:00\",\"dateModified\":\"2024-06-12T13:57:27+00:00\",\"author\":{\"@id\":\"https:\\\/\\\/schillerlegal.ch\\\/fr\\\/#\\\/schema\\\/person\\\/86726a4d370a54cd2152caf17b64d98c\"},\"breadcrumb\":{\"@id\":\"https:\\\/\\\/schillerlegal.ch\\\/fr\\\/asbest-baustoff-mit-rechtlicher-langzeitwirkung\\\/#breadcrumb\"},\"inLanguage\":\"fr-FR\",\"potentialAction\":[{\"@type\":\"ReadAction\",\"target\":[\"https:\\\/\\\/schillerlegal.ch\\\/fr\\\/asbest-baustoff-mit-rechtlicher-langzeitwirkung\\\/\"]}]},{\"@type\":\"BreadcrumbList\",\"@id\":\"https:\\\/\\\/schillerlegal.ch\\\/fr\\\/asbest-baustoff-mit-rechtlicher-langzeitwirkung\\\/#breadcrumb\",\"itemListElement\":[{\"@type\":\"ListItem\",\"position\":1,\"name\":\"Startseite\",\"item\":\"https:\\\/\\\/schillerlegal.ch\\\/fr\\\/\"},{\"@type\":\"ListItem\",\"position\":2,\"name\":\"Asbest &#8211; Baustoff mit rechtlicher Langzeitwirkung\"}]},{\"@type\":\"WebSite\",\"@id\":\"https:\\\/\\\/schillerlegal.ch\\\/fr\\\/#website\",\"url\":\"https:\\\/\\\/schillerlegal.ch\\\/fr\\\/\",\"name\":\"Schiller Rechtsanw\u00e4lte AG\",\"description\":\"\",\"potentialAction\":[{\"@type\":\"SearchAction\",\"target\":{\"@type\":\"EntryPoint\",\"urlTemplate\":\"https:\\\/\\\/schillerlegal.ch\\\/fr\\\/?s={search_term_string}\"},\"query-input\":{\"@type\":\"PropertyValueSpecification\",\"valueRequired\":true,\"valueName\":\"search_term_string\"}}],\"inLanguage\":\"fr-FR\"},{\"@type\":\"Person\",\"@id\":\"https:\\\/\\\/schillerlegal.ch\\\/fr\\\/#\\\/schema\\\/person\\\/86726a4d370a54cd2152caf17b64d98c\",\"name\":\"pusparasa\",\"image\":{\"@type\":\"ImageObject\",\"inLanguage\":\"fr-FR\",\"@id\":\"https:\\\/\\\/secure.gravatar.com\\\/avatar\\\/e9f835021a048f6c442857ae71474ebb0556524367848367a10b076cec21d2ea?s=96&d=mm&r=g\",\"url\":\"https:\\\/\\\/secure.gravatar.com\\\/avatar\\\/e9f835021a048f6c442857ae71474ebb0556524367848367a10b076cec21d2ea?s=96&d=mm&r=g\",\"contentUrl\":\"https:\\\/\\\/secure.gravatar.com\\\/avatar\\\/e9f835021a048f6c442857ae71474ebb0556524367848367a10b076cec21d2ea?s=96&d=mm&r=g\",\"caption\":\"pusparasa\"},\"url\":\"https:\\\/\\\/schillerlegal.ch\\\/fr\\\/author\\\/pusparasa\\\/\"}]}<\/script>\n<!-- \/ Yoast SEO plugin. -->","yoast_head_json":{"title":"Asbest - Baustoff mit rechtlicher Langzeitwirkung - Schiller Rechtsanw\u00e4lte AG","robots":{"index":"index","follow":"follow","max-snippet":"max-snippet:-1","max-image-preview":"max-image-preview:large","max-video-preview":"max-video-preview:-1"},"canonical":"https:\/\/schillerlegal.ch\/fr\/asbest-baustoff-mit-rechtlicher-langzeitwirkung\/","og_locale":"fr_FR","og_type":"article","og_title":"Asbest - Baustoff mit rechtlicher Langzeitwirkung - Schiller Rechtsanw\u00e4lte AG","og_description":"Der Europ\u00e4ische Gerichtshof f\u00fcr Menschenrechte (EGMR) hat am 11. M\u00e4rz 2014 in der Rechtssache Moore et al. gegen die Schweiz (Rs. 52067\/10 und 41072\/11) einen Verstoss gegen Art. 6 Abs. 1 der Europ\u00e4ischen Menschenrechtskonvention (EMRK) festgestellt. Dass die 10-j\u00e4hrigen Verj\u00e4hrungs- und Verwirkungsfristen des Schweizer Rechts im Zeitpunkt der Exposition mit Asbest zu laufen beginnen, soll [&hellip;]","og_url":"https:\/\/schillerlegal.ch\/fr\/asbest-baustoff-mit-rechtlicher-langzeitwirkung\/","og_site_name":"Schiller Rechtsanw\u00e4lte AG","article_published_time":"2014-03-11T11:01:00+00:00","article_modified_time":"2024-06-12T13:57:27+00:00","author":"pusparasa","twitter_card":"summary_large_image","twitter_misc":{"\u00c9crit par":"pusparasa","Dur\u00e9e de lecture estim\u00e9e":"1 minute"},"schema":{"@context":"https:\/\/schema.org","@graph":[{"@type":"Article","@id":"https:\/\/schillerlegal.ch\/fr\/asbest-baustoff-mit-rechtlicher-langzeitwirkung\/#article","isPartOf":{"@id":"https:\/\/schillerlegal.ch\/fr\/asbest-baustoff-mit-rechtlicher-langzeitwirkung\/"},"author":{"name":"pusparasa","@id":"https:\/\/schillerlegal.ch\/fr\/#\/schema\/person\/86726a4d370a54cd2152caf17b64d98c"},"headline":"Asbest &#8211; Baustoff mit rechtlicher Langzeitwirkung","datePublished":"2014-03-11T11:01:00+00:00","dateModified":"2024-06-12T13:57:27+00:00","mainEntityOfPage":{"@id":"https:\/\/schillerlegal.ch\/fr\/asbest-baustoff-mit-rechtlicher-langzeitwirkung\/"},"wordCount":164,"articleSection":["Unkategorisiert"],"inLanguage":"fr-FR"},{"@type":"WebPage","@id":"https:\/\/schillerlegal.ch\/fr\/asbest-baustoff-mit-rechtlicher-langzeitwirkung\/","url":"https:\/\/schillerlegal.ch\/fr\/asbest-baustoff-mit-rechtlicher-langzeitwirkung\/","name":"Asbest - Baustoff mit rechtlicher Langzeitwirkung - Schiller Rechtsanw\u00e4lte AG","isPartOf":{"@id":"https:\/\/schillerlegal.ch\/fr\/#website"},"datePublished":"2014-03-11T11:01:00+00:00","dateModified":"2024-06-12T13:57:27+00:00","author":{"@id":"https:\/\/schillerlegal.ch\/fr\/#\/schema\/person\/86726a4d370a54cd2152caf17b64d98c"},"breadcrumb":{"@id":"https:\/\/schillerlegal.ch\/fr\/asbest-baustoff-mit-rechtlicher-langzeitwirkung\/#breadcrumb"},"inLanguage":"fr-FR","potentialAction":[{"@type":"ReadAction","target":["https:\/\/schillerlegal.ch\/fr\/asbest-baustoff-mit-rechtlicher-langzeitwirkung\/"]}]},{"@type":"BreadcrumbList","@id":"https:\/\/schillerlegal.ch\/fr\/asbest-baustoff-mit-rechtlicher-langzeitwirkung\/#breadcrumb","itemListElement":[{"@type":"ListItem","position":1,"name":"Startseite","item":"https:\/\/schillerlegal.ch\/fr\/"},{"@type":"ListItem","position":2,"name":"Asbest &#8211; Baustoff mit rechtlicher Langzeitwirkung"}]},{"@type":"WebSite","@id":"https:\/\/schillerlegal.ch\/fr\/#website","url":"https:\/\/schillerlegal.ch\/fr\/","name":"Schiller Rechtsanw\u00e4lte AG","description":"","potentialAction":[{"@type":"SearchAction","target":{"@type":"EntryPoint","urlTemplate":"https:\/\/schillerlegal.ch\/fr\/?s={search_term_string}"},"query-input":{"@type":"PropertyValueSpecification","valueRequired":true,"valueName":"search_term_string"}}],"inLanguage":"fr-FR"},{"@type":"Person","@id":"https:\/\/schillerlegal.ch\/fr\/#\/schema\/person\/86726a4d370a54cd2152caf17b64d98c","name":"pusparasa","image":{"@type":"ImageObject","inLanguage":"fr-FR","@id":"https:\/\/secure.gravatar.com\/avatar\/e9f835021a048f6c442857ae71474ebb0556524367848367a10b076cec21d2ea?s=96&d=mm&r=g","url":"https:\/\/secure.gravatar.com\/avatar\/e9f835021a048f6c442857ae71474ebb0556524367848367a10b076cec21d2ea?s=96&d=mm&r=g","contentUrl":"https:\/\/secure.gravatar.com\/avatar\/e9f835021a048f6c442857ae71474ebb0556524367848367a10b076cec21d2ea?s=96&d=mm&r=g","caption":"pusparasa"},"url":"https:\/\/schillerlegal.ch\/fr\/author\/pusparasa\/"}]}},"_links":{"self":[{"href":"https:\/\/schillerlegal.ch\/fr\/wp-json\/wp\/v2\/posts\/473","targetHints":{"allow":["GET"]}}],"collection":[{"href":"https:\/\/schillerlegal.ch\/fr\/wp-json\/wp\/v2\/posts"}],"about":[{"href":"https:\/\/schillerlegal.ch\/fr\/wp-json\/wp\/v2\/types\/post"}],"author":[{"embeddable":true,"href":"https:\/\/schillerlegal.ch\/fr\/wp-json\/wp\/v2\/users\/4"}],"replies":[{"embeddable":true,"href":"https:\/\/schillerlegal.ch\/fr\/wp-json\/wp\/v2\/comments?post=473"}],"version-history":[{"count":2,"href":"https:\/\/schillerlegal.ch\/fr\/wp-json\/wp\/v2\/posts\/473\/revisions"}],"predecessor-version":[{"id":908,"href":"https:\/\/schillerlegal.ch\/fr\/wp-json\/wp\/v2\/posts\/473\/revisions\/908"}],"wp:attachment":[{"href":"https:\/\/schillerlegal.ch\/fr\/wp-json\/wp\/v2\/media?parent=473"}],"wp:term":[{"taxonomy":"category","embeddable":true,"href":"https:\/\/schillerlegal.ch\/fr\/wp-json\/wp\/v2\/categories?post=473"},{"taxonomy":"post_tag","embeddable":true,"href":"https:\/\/schillerlegal.ch\/fr\/wp-json\/wp\/v2\/tags?post=473"},{"taxonomy":"area-of-activity","embeddable":true,"href":"https:\/\/schillerlegal.ch\/fr\/wp-json\/wp\/v2\/area-of-activity?post=473"}],"curies":[{"name":"wp","href":"https:\/\/api.w.org\/{rel}","templated":true}]}}