{"id":1400,"date":"2024-11-08T14:13:35","date_gmt":"2024-11-08T13:13:35","guid":{"rendered":"https:\/\/schillerlegal.ch\/?p=1400"},"modified":"2026-04-21T16:49:15","modified_gmt":"2026-04-21T14:49:15","slug":"windenergie-im-kanton-zuerich-von-politischen-entscheidungen-und-interessenabwaegungen","status":"publish","type":"post","link":"https:\/\/schillerlegal.ch\/fr\/windenergie-im-kanton-zuerich-von-politischen-entscheidungen-und-interessenabwaegungen\/","title":{"rendered":"Windenergie im Kanton Z\u00fcrich: Von politischen Entscheidungen und Interessenabw\u00e4gungen"},"content":{"rendered":"\n<p>Der Regierungsrat m\u00f6chte im Kanton Z\u00fcrich grosse Windkraftanlagen erm\u00f6glichen, um die im Hinblick auf die Energiewende gesetzten Ziele zu erreichen. Er ist aufgrund der Vorgaben des Bundes zudem verpflichtet, im kantonalen Richtplan geeignete Gebiete f\u00fcr Windenergie festzulegen.&nbsp;<\/p>\n\n\n\n<p>Das Projekt zur Anpassung des Richtplans wurde im Sommer \u00f6ffentlich aufgelegt. Bis Ende Oktober 2024 hatten alle Interessierten Gelegenheit, zur geplanten \u00c4nderung des Richtplans Einwendungen zu formulieren. Den Entscheid \u00fcber den Eintrag der Gebiete im Richtplan f\u00e4llt der Kantonsrat auf Antrag des Regierungsrats.&nbsp;<\/p>\n\n\n\n<p>Allerdings handelt es sich beim Richtplaneintrag nicht um einen rein politischen Prozess. Grundlage f\u00fcr den Eintrag von Windeignungsgebieten ist eine Interessenabw\u00e4gung, welche den rechtlichen Vorgaben zu gen\u00fcgen hat. Dabei sind die in Frage stehenden Interessen zu bestimmen und diese Interessen in der Folge zu bewerten. Sowohl die Definition der Interessen als auch ihre Bewertung hat transparent und nachvollziehbar zu erfolgen.<\/p>\n\n\n\n<p>Mit dem im Kanton Z\u00fcrich gew\u00e4hlten Bewertungsansatz wurden die verschiedenen Interessen an der Nutzung durch Windenergie und die Interessen am Schutz der Gebiete mit einem Punktesystem taxiert. Das Vorgehen erm\u00f6glicht, die verschiedenen Gebiete einheitlich zu bewerten und stellt sicher, dass die Bewertungen der Gebiete vergleichbar sind. Zum Eintrag in den Richtplan vorgeschlagen werden vom Regierungsrat folglich diejenigen Gebiete, welche das beste Verh\u00e4ltnis zwischen Nutzungsinteressen und Schutzinteressen aufweisen.&nbsp;<\/p>\n\n\n\n<p>Eine fundierte Analyse der vom Regierungsrat vorgenommenen Bewertung der Interessen zeigt, dass diese noch Fragen aufwirft. Die Entwicklungen in diesem Verfahren d\u00fcrfen weiter gespannt verfolgt werden.\u00a0<\/p>\n\n\n\n<h2 class=\"wp-block-heading\">Autor<\/h2>\n\n\n<div class=\"indy-block-people\">\n  <div class=\"row\">\n                  <div class=\"person col-md-6 col-lg-4 col-xl-3\">\n          <article class=\"tease tease-team-member\" id=\"tease-1034\">\n\t\t\t<div class=\"portrait\">\n\t\t<img decoding=\"async\" src=\"https:\/\/schillerlegal.ch\/wp-content\/uploads\/2024\/04\/simon-bachmann-300x0-c-default.jpg\" srcset=\"https:\/\/schillerlegal.ch\/wp-content\/uploads\/2024\/04\/simon-bachmann-300x0-c-default.jpg 1x, https:\/\/schillerlegal.ch\/wp-content\/uploads\/2024\/04\/simon-bachmann-600x0-c-default.jpg 2x\">\n\t<\/div>\n\t<div class=\"text\">\n\t\t<h5 class=\"title\">Simon Bachmann<\/h5>\n\t\t<div class=\"sub\">\n\t\t\t<div class=\"position\">Partenaire<\/div>\n\t\t\t<div class=\"arrow-icon\"><?xml version=\"1.0\" encoding=\"utf-8\"?>\n<!-- Generator: Adobe Illustrator 28.2.0, SVG Export Plug-In . SVG Version: 6.00 Build 0)  -->\n<svg version=\"1.1\" id=\"uuid-0d01a91a-173c-4929-a2a8-92feee4570de\"\n\t xmlns=\"http:\/\/www.w3.org\/2000\/svg\" xmlns:xlink=\"http:\/\/www.w3.org\/1999\/xlink\" x=\"0px\" y=\"0px\" viewBox=\"0 0 40.2 18\"\n\t style=\"enable-background:new 0 0 40.2 18;\" xml:space=\"preserve\">\n<g id=\"uuid-337baa6b-6f6e-46a6-ab3d-80cfea9952c5\">\n\t<path id=\"uuid-42a080c4-afe9-4bb8-80e1-1e35f5b11246\" d=\"M31.2,18l-1.7-1.7l6.1-6.1H0V7.8h35.6l-6.1-6.2L31.2,0l9,9L31.2,18\n\t\tL31.2,18z\"\/>\n<\/g>\n<\/svg>\n<\/div>\n\t\t<\/div>\n\t<\/div>\n\t<a class=\"link\" href=\"https:\/\/schillerlegal.ch\/fr\/membre-de-lequipe\/simon-bachmann\/\">\n\t\t<span class=\"visually-hidden\">Go to article<\/span>\n\t<\/a>\n<\/article>\n        <\/div>\n            <\/div>\n<\/div>\n","protected":false},"excerpt":{"rendered":"<p>Der Regierungsrat m\u00f6chte im Kanton Z\u00fcrich grosse Windkraftanlagen erm\u00f6glichen, um die im Hinblick auf die Energiewende gesetzten Ziele zu erreichen. Er ist aufgrund der Vorgaben des Bundes zudem verpflichtet, im kantonalen Richtplan geeignete Gebiete f\u00fcr Windenergie festzulegen.&nbsp; Das Projekt zur Anpassung des Richtplans wurde im Sommer \u00f6ffentlich aufgelegt. Bis Ende Oktober 2024 hatten alle Interessierten [&hellip;]<\/p>\n","protected":false},"author":4,"featured_media":0,"comment_status":"closed","ping_status":"closed","sticky":false,"template":"","format":"standard","meta":{"_acf_changed":false,"footnotes":""},"categories":[1],"tags":[],"area-of-activity":[20,50],"class_list":["post-1400","post","type-post","status-publish","format-standard","hentry","category-unkategorisiert","area-of-activity-bau-und-immobilienrecht","area-of-activity-energie-und-elektrizitaetsrecht"],"acf":[],"yoast_head":"<!-- This site is optimized with the Yoast SEO plugin v27.3 - https:\/\/yoast.com\/product\/yoast-seo-wordpress\/ -->\n<title>Windenergie im Kanton Z\u00fcrich: Von politischen Entscheidungen und Interessenabw\u00e4gungen - Schiller Rechtsanw\u00e4lte AG<\/title>\n<meta name=\"robots\" content=\"index, follow, max-snippet:-1, max-image-preview:large, max-video-preview:-1\" \/>\n<link rel=\"canonical\" href=\"https:\/\/schillerlegal.ch\/fr\/windenergie-im-kanton-zuerich-von-politischen-entscheidungen-und-interessenabwaegungen\/\" \/>\n<meta property=\"og:locale\" content=\"fr_FR\" \/>\n<meta property=\"og:type\" content=\"article\" \/>\n<meta property=\"og:title\" content=\"Windenergie im Kanton Z\u00fcrich: Von politischen Entscheidungen und Interessenabw\u00e4gungen - Schiller Rechtsanw\u00e4lte AG\" \/>\n<meta property=\"og:description\" content=\"Der Regierungsrat m\u00f6chte im Kanton Z\u00fcrich grosse Windkraftanlagen erm\u00f6glichen, um die im Hinblick auf die Energiewende gesetzten Ziele zu erreichen. Er ist aufgrund der Vorgaben des Bundes zudem verpflichtet, im kantonalen Richtplan geeignete Gebiete f\u00fcr Windenergie festzulegen.&nbsp; Das Projekt zur Anpassung des Richtplans wurde im Sommer \u00f6ffentlich aufgelegt. Bis Ende Oktober 2024 hatten alle Interessierten [&hellip;]\" \/>\n<meta property=\"og:url\" content=\"https:\/\/schillerlegal.ch\/fr\/windenergie-im-kanton-zuerich-von-politischen-entscheidungen-und-interessenabwaegungen\/\" \/>\n<meta property=\"og:site_name\" content=\"Schiller Rechtsanw\u00e4lte AG\" \/>\n<meta property=\"article:published_time\" content=\"2024-11-08T13:13:35+00:00\" \/>\n<meta property=\"article:modified_time\" content=\"2026-04-21T14:49:15+00:00\" \/>\n<meta name=\"author\" content=\"pusparasa\" \/>\n<meta name=\"twitter:card\" content=\"summary_large_image\" \/>\n<meta name=\"twitter:label1\" content=\"\u00c9crit par\" \/>\n\t<meta name=\"twitter:data1\" content=\"pusparasa\" \/>\n\t<meta name=\"twitter:label2\" content=\"Dur\u00e9e de lecture estim\u00e9e\" \/>\n\t<meta name=\"twitter:data2\" content=\"2 minutes\" \/>\n<script type=\"application\/ld+json\" class=\"yoast-schema-graph\">{\"@context\":\"https:\\\/\\\/schema.org\",\"@graph\":[{\"@type\":\"Article\",\"@id\":\"https:\\\/\\\/schillerlegal.ch\\\/fr\\\/windenergie-im-kanton-zuerich-von-politischen-entscheidungen-und-interessenabwaegungen\\\/#article\",\"isPartOf\":{\"@id\":\"https:\\\/\\\/schillerlegal.ch\\\/fr\\\/windenergie-im-kanton-zuerich-von-politischen-entscheidungen-und-interessenabwaegungen\\\/\"},\"author\":{\"name\":\"pusparasa\",\"@id\":\"https:\\\/\\\/schillerlegal.ch\\\/fr\\\/#\\\/schema\\\/person\\\/86726a4d370a54cd2152caf17b64d98c\"},\"headline\":\"Windenergie im Kanton Z\u00fcrich: Von politischen Entscheidungen und Interessenabw\u00e4gungen\",\"datePublished\":\"2024-11-08T13:13:35+00:00\",\"dateModified\":\"2026-04-21T14:49:15+00:00\",\"mainEntityOfPage\":{\"@id\":\"https:\\\/\\\/schillerlegal.ch\\\/fr\\\/windenergie-im-kanton-zuerich-von-politischen-entscheidungen-und-interessenabwaegungen\\\/\"},\"wordCount\":260,\"articleSection\":[\"Unkategorisiert\"],\"inLanguage\":\"fr-FR\"},{\"@type\":\"WebPage\",\"@id\":\"https:\\\/\\\/schillerlegal.ch\\\/fr\\\/windenergie-im-kanton-zuerich-von-politischen-entscheidungen-und-interessenabwaegungen\\\/\",\"url\":\"https:\\\/\\\/schillerlegal.ch\\\/fr\\\/windenergie-im-kanton-zuerich-von-politischen-entscheidungen-und-interessenabwaegungen\\\/\",\"name\":\"Windenergie im Kanton Z\u00fcrich: Von politischen Entscheidungen und Interessenabw\u00e4gungen - Schiller Rechtsanw\u00e4lte AG\",\"isPartOf\":{\"@id\":\"https:\\\/\\\/schillerlegal.ch\\\/fr\\\/#website\"},\"datePublished\":\"2024-11-08T13:13:35+00:00\",\"dateModified\":\"2026-04-21T14:49:15+00:00\",\"author\":{\"@id\":\"https:\\\/\\\/schillerlegal.ch\\\/fr\\\/#\\\/schema\\\/person\\\/86726a4d370a54cd2152caf17b64d98c\"},\"breadcrumb\":{\"@id\":\"https:\\\/\\\/schillerlegal.ch\\\/fr\\\/windenergie-im-kanton-zuerich-von-politischen-entscheidungen-und-interessenabwaegungen\\\/#breadcrumb\"},\"inLanguage\":\"fr-FR\",\"potentialAction\":[{\"@type\":\"ReadAction\",\"target\":[\"https:\\\/\\\/schillerlegal.ch\\\/fr\\\/windenergie-im-kanton-zuerich-von-politischen-entscheidungen-und-interessenabwaegungen\\\/\"]}]},{\"@type\":\"BreadcrumbList\",\"@id\":\"https:\\\/\\\/schillerlegal.ch\\\/fr\\\/windenergie-im-kanton-zuerich-von-politischen-entscheidungen-und-interessenabwaegungen\\\/#breadcrumb\",\"itemListElement\":[{\"@type\":\"ListItem\",\"position\":1,\"name\":\"Startseite\",\"item\":\"https:\\\/\\\/schillerlegal.ch\\\/fr\\\/\"},{\"@type\":\"ListItem\",\"position\":2,\"name\":\"Windenergie im Kanton Z\u00fcrich: Von politischen Entscheidungen und Interessenabw\u00e4gungen\"}]},{\"@type\":\"WebSite\",\"@id\":\"https:\\\/\\\/schillerlegal.ch\\\/fr\\\/#website\",\"url\":\"https:\\\/\\\/schillerlegal.ch\\\/fr\\\/\",\"name\":\"Schiller Rechtsanw\u00e4lte AG\",\"description\":\"\",\"potentialAction\":[{\"@type\":\"SearchAction\",\"target\":{\"@type\":\"EntryPoint\",\"urlTemplate\":\"https:\\\/\\\/schillerlegal.ch\\\/fr\\\/?s={search_term_string}\"},\"query-input\":{\"@type\":\"PropertyValueSpecification\",\"valueRequired\":true,\"valueName\":\"search_term_string\"}}],\"inLanguage\":\"fr-FR\"},{\"@type\":\"Person\",\"@id\":\"https:\\\/\\\/schillerlegal.ch\\\/fr\\\/#\\\/schema\\\/person\\\/86726a4d370a54cd2152caf17b64d98c\",\"name\":\"pusparasa\",\"image\":{\"@type\":\"ImageObject\",\"inLanguage\":\"fr-FR\",\"@id\":\"https:\\\/\\\/secure.gravatar.com\\\/avatar\\\/e9f835021a048f6c442857ae71474ebb0556524367848367a10b076cec21d2ea?s=96&d=mm&r=g\",\"url\":\"https:\\\/\\\/secure.gravatar.com\\\/avatar\\\/e9f835021a048f6c442857ae71474ebb0556524367848367a10b076cec21d2ea?s=96&d=mm&r=g\",\"contentUrl\":\"https:\\\/\\\/secure.gravatar.com\\\/avatar\\\/e9f835021a048f6c442857ae71474ebb0556524367848367a10b076cec21d2ea?s=96&d=mm&r=g\",\"caption\":\"pusparasa\"},\"url\":\"https:\\\/\\\/schillerlegal.ch\\\/fr\\\/author\\\/pusparasa\\\/\"}]}<\/script>\n<!-- \/ Yoast SEO plugin. -->","yoast_head_json":{"title":"Windenergie im Kanton Z\u00fcrich: Von politischen Entscheidungen und Interessenabw\u00e4gungen - Schiller Rechtsanw\u00e4lte AG","robots":{"index":"index","follow":"follow","max-snippet":"max-snippet:-1","max-image-preview":"max-image-preview:large","max-video-preview":"max-video-preview:-1"},"canonical":"https:\/\/schillerlegal.ch\/fr\/windenergie-im-kanton-zuerich-von-politischen-entscheidungen-und-interessenabwaegungen\/","og_locale":"fr_FR","og_type":"article","og_title":"Windenergie im Kanton Z\u00fcrich: Von politischen Entscheidungen und Interessenabw\u00e4gungen - Schiller Rechtsanw\u00e4lte AG","og_description":"Der Regierungsrat m\u00f6chte im Kanton Z\u00fcrich grosse Windkraftanlagen erm\u00f6glichen, um die im Hinblick auf die Energiewende gesetzten Ziele zu erreichen. Er ist aufgrund der Vorgaben des Bundes zudem verpflichtet, im kantonalen Richtplan geeignete Gebiete f\u00fcr Windenergie festzulegen.&nbsp; Das Projekt zur Anpassung des Richtplans wurde im Sommer \u00f6ffentlich aufgelegt. Bis Ende Oktober 2024 hatten alle Interessierten [&hellip;]","og_url":"https:\/\/schillerlegal.ch\/fr\/windenergie-im-kanton-zuerich-von-politischen-entscheidungen-und-interessenabwaegungen\/","og_site_name":"Schiller Rechtsanw\u00e4lte AG","article_published_time":"2024-11-08T13:13:35+00:00","article_modified_time":"2026-04-21T14:49:15+00:00","author":"pusparasa","twitter_card":"summary_large_image","twitter_misc":{"\u00c9crit par":"pusparasa","Dur\u00e9e de lecture estim\u00e9e":"2 minutes"},"schema":{"@context":"https:\/\/schema.org","@graph":[{"@type":"Article","@id":"https:\/\/schillerlegal.ch\/fr\/windenergie-im-kanton-zuerich-von-politischen-entscheidungen-und-interessenabwaegungen\/#article","isPartOf":{"@id":"https:\/\/schillerlegal.ch\/fr\/windenergie-im-kanton-zuerich-von-politischen-entscheidungen-und-interessenabwaegungen\/"},"author":{"name":"pusparasa","@id":"https:\/\/schillerlegal.ch\/fr\/#\/schema\/person\/86726a4d370a54cd2152caf17b64d98c"},"headline":"Windenergie im Kanton Z\u00fcrich: Von politischen Entscheidungen und Interessenabw\u00e4gungen","datePublished":"2024-11-08T13:13:35+00:00","dateModified":"2026-04-21T14:49:15+00:00","mainEntityOfPage":{"@id":"https:\/\/schillerlegal.ch\/fr\/windenergie-im-kanton-zuerich-von-politischen-entscheidungen-und-interessenabwaegungen\/"},"wordCount":260,"articleSection":["Unkategorisiert"],"inLanguage":"fr-FR"},{"@type":"WebPage","@id":"https:\/\/schillerlegal.ch\/fr\/windenergie-im-kanton-zuerich-von-politischen-entscheidungen-und-interessenabwaegungen\/","url":"https:\/\/schillerlegal.ch\/fr\/windenergie-im-kanton-zuerich-von-politischen-entscheidungen-und-interessenabwaegungen\/","name":"Windenergie im Kanton Z\u00fcrich: Von politischen Entscheidungen und Interessenabw\u00e4gungen - Schiller Rechtsanw\u00e4lte AG","isPartOf":{"@id":"https:\/\/schillerlegal.ch\/fr\/#website"},"datePublished":"2024-11-08T13:13:35+00:00","dateModified":"2026-04-21T14:49:15+00:00","author":{"@id":"https:\/\/schillerlegal.ch\/fr\/#\/schema\/person\/86726a4d370a54cd2152caf17b64d98c"},"breadcrumb":{"@id":"https:\/\/schillerlegal.ch\/fr\/windenergie-im-kanton-zuerich-von-politischen-entscheidungen-und-interessenabwaegungen\/#breadcrumb"},"inLanguage":"fr-FR","potentialAction":[{"@type":"ReadAction","target":["https:\/\/schillerlegal.ch\/fr\/windenergie-im-kanton-zuerich-von-politischen-entscheidungen-und-interessenabwaegungen\/"]}]},{"@type":"BreadcrumbList","@id":"https:\/\/schillerlegal.ch\/fr\/windenergie-im-kanton-zuerich-von-politischen-entscheidungen-und-interessenabwaegungen\/#breadcrumb","itemListElement":[{"@type":"ListItem","position":1,"name":"Startseite","item":"https:\/\/schillerlegal.ch\/fr\/"},{"@type":"ListItem","position":2,"name":"Windenergie im Kanton Z\u00fcrich: Von politischen Entscheidungen und Interessenabw\u00e4gungen"}]},{"@type":"WebSite","@id":"https:\/\/schillerlegal.ch\/fr\/#website","url":"https:\/\/schillerlegal.ch\/fr\/","name":"Schiller Rechtsanw\u00e4lte AG","description":"","potentialAction":[{"@type":"SearchAction","target":{"@type":"EntryPoint","urlTemplate":"https:\/\/schillerlegal.ch\/fr\/?s={search_term_string}"},"query-input":{"@type":"PropertyValueSpecification","valueRequired":true,"valueName":"search_term_string"}}],"inLanguage":"fr-FR"},{"@type":"Person","@id":"https:\/\/schillerlegal.ch\/fr\/#\/schema\/person\/86726a4d370a54cd2152caf17b64d98c","name":"pusparasa","image":{"@type":"ImageObject","inLanguage":"fr-FR","@id":"https:\/\/secure.gravatar.com\/avatar\/e9f835021a048f6c442857ae71474ebb0556524367848367a10b076cec21d2ea?s=96&d=mm&r=g","url":"https:\/\/secure.gravatar.com\/avatar\/e9f835021a048f6c442857ae71474ebb0556524367848367a10b076cec21d2ea?s=96&d=mm&r=g","contentUrl":"https:\/\/secure.gravatar.com\/avatar\/e9f835021a048f6c442857ae71474ebb0556524367848367a10b076cec21d2ea?s=96&d=mm&r=g","caption":"pusparasa"},"url":"https:\/\/schillerlegal.ch\/fr\/author\/pusparasa\/"}]}},"_links":{"self":[{"href":"https:\/\/schillerlegal.ch\/fr\/wp-json\/wp\/v2\/posts\/1400","targetHints":{"allow":["GET"]}}],"collection":[{"href":"https:\/\/schillerlegal.ch\/fr\/wp-json\/wp\/v2\/posts"}],"about":[{"href":"https:\/\/schillerlegal.ch\/fr\/wp-json\/wp\/v2\/types\/post"}],"author":[{"embeddable":true,"href":"https:\/\/schillerlegal.ch\/fr\/wp-json\/wp\/v2\/users\/4"}],"replies":[{"embeddable":true,"href":"https:\/\/schillerlegal.ch\/fr\/wp-json\/wp\/v2\/comments?post=1400"}],"version-history":[{"count":2,"href":"https:\/\/schillerlegal.ch\/fr\/wp-json\/wp\/v2\/posts\/1400\/revisions"}],"predecessor-version":[{"id":1402,"href":"https:\/\/schillerlegal.ch\/fr\/wp-json\/wp\/v2\/posts\/1400\/revisions\/1402"}],"wp:attachment":[{"href":"https:\/\/schillerlegal.ch\/fr\/wp-json\/wp\/v2\/media?parent=1400"}],"wp:term":[{"taxonomy":"category","embeddable":true,"href":"https:\/\/schillerlegal.ch\/fr\/wp-json\/wp\/v2\/categories?post=1400"},{"taxonomy":"post_tag","embeddable":true,"href":"https:\/\/schillerlegal.ch\/fr\/wp-json\/wp\/v2\/tags?post=1400"},{"taxonomy":"area-of-activity","embeddable":true,"href":"https:\/\/schillerlegal.ch\/fr\/wp-json\/wp\/v2\/area-of-activity?post=1400"}],"curies":[{"name":"wp","href":"https:\/\/api.w.org\/{rel}","templated":true}]}}