{"id":652,"date":"2024-01-23T12:01:08","date_gmt":"2024-01-23T11:01:08","guid":{"rendered":"https:\/\/schiller.site-preview.ch\/?p=652"},"modified":"2025-06-24T15:28:05","modified_gmt":"2025-06-24T13:28:05","slug":"eu-anerkennt-schweizer-datenschutzrecht-als-gleichwertig","status":"publish","type":"post","link":"https:\/\/schillerlegal.ch\/en\/eu-anerkennt-schweizer-datenschutzrecht-als-gleichwertig\/","title":{"rendered":"EU anerkennt Schweizer Datenschutzrecht als gleichwertig"},"content":{"rendered":"\n<p>Die Europ\u00e4ische Kommission hat die neuen Bestimmungen des Schweizer Datenschutzrechts auf deren \u00dcbereinstimmung mit dem europ\u00e4ischen Standard \u00fcberpr\u00fcft. In ihrem Bericht vom 15. Januar 2024 hat die Kommission das Datenschutzniveau der Schweiz als angemessen anerkannt und best\u00e4tigt, dass auch die neuen Bestimmungen dem europ\u00e4ischen Standard entsprechen. Personendaten aus EU- oder EWR-Mitgliedstaaten k\u00f6nnen damit weiterhin ohne zus\u00e4tzlichen Aufwand in die Schweiz \u00fcbermittelt werden.<\/p>\n\n\n\n<h2 class=\"wp-block-heading\">Autor<\/h2>\n\n\n<div class=\"indy-block-people\">\n  <div class=\"row\">\n                  <div class=\"person col-md-6 col-lg-4 col-xl-3\">\n          <article class=\"tease tease-team-member\" id=\"tease-1062\">\n\t\t\t<div class=\"portrait\">\n\t\t<img decoding=\"async\" src=\"https:\/\/schillerlegal.ch\/wp-content\/uploads\/2024\/06\/cropped_0028_DSC02042-300x0-c-default.jpg\" srcset=\"https:\/\/schillerlegal.ch\/wp-content\/uploads\/2024\/06\/cropped_0028_DSC02042-300x0-c-default.jpg 1x, https:\/\/schillerlegal.ch\/wp-content\/uploads\/2024\/06\/cropped_0028_DSC02042-600x0-c-default.jpg 2x\">\n\t<\/div>\n\t<div class=\"text\">\n\t\t<h5 class=\"title\">Daniel Maritz<\/h5>\n\t\t<div class=\"sub\">\n\t\t\t<div class=\"position\">Partner<\/div>\n\t\t\t<div class=\"arrow-icon\"><?xml version=\"1.0\" encoding=\"utf-8\"?>\n<!-- Generator: Adobe Illustrator 28.2.0, SVG Export Plug-In . SVG Version: 6.00 Build 0)  -->\n<svg version=\"1.1\" id=\"uuid-0d01a91a-173c-4929-a2a8-92feee4570de\"\n\t xmlns=\"http:\/\/www.w3.org\/2000\/svg\" xmlns:xlink=\"http:\/\/www.w3.org\/1999\/xlink\" x=\"0px\" y=\"0px\" viewBox=\"0 0 40.2 18\"\n\t style=\"enable-background:new 0 0 40.2 18;\" xml:space=\"preserve\">\n<g id=\"uuid-337baa6b-6f6e-46a6-ab3d-80cfea9952c5\">\n\t<path id=\"uuid-42a080c4-afe9-4bb8-80e1-1e35f5b11246\" d=\"M31.2,18l-1.7-1.7l6.1-6.1H0V7.8h35.6l-6.1-6.2L31.2,0l9,9L31.2,18\n\t\tL31.2,18z\"\/>\n<\/g>\n<\/svg>\n<\/div>\n\t\t<\/div>\n\t<\/div>\n\t<a class=\"link\" href=\"https:\/\/schillerlegal.ch\/en\/team-member\/daniel-maritz\/\">\n\t\t<span class=\"visually-hidden\">Go to article<\/span>\n\t<\/a>\n<\/article>\n        <\/div>\n            <\/div>\n<\/div>\n","protected":false},"excerpt":{"rendered":"<p>Die Europ\u00e4ische Kommission hat die neuen Bestimmungen des Schweizer Datenschutzrechts auf deren \u00dcbereinstimmung mit dem europ\u00e4ischen Standard \u00fcberpr\u00fcft. In ihrem Bericht vom 15. Januar 2024 hat die Kommission das Datenschutzniveau der Schweiz als angemessen anerkannt und best\u00e4tigt, dass auch die neuen Bestimmungen dem europ\u00e4ischen Standard entsprechen. Personendaten aus EU- oder EWR-Mitgliedstaaten k\u00f6nnen damit weiterhin ohne [&hellip;]<\/p>\n","protected":false},"author":4,"featured_media":0,"comment_status":"closed","ping_status":"closed","sticky":false,"template":"","format":"standard","meta":{"_acf_changed":false,"footnotes":""},"categories":[1],"tags":[],"area-of-activity":[],"class_list":["post-652","post","type-post","status-publish","format-standard","hentry","category-unkategorisiert"],"acf":[],"yoast_head":"<!-- This site is optimized with the Yoast SEO plugin v27.3 - https:\/\/yoast.com\/product\/yoast-seo-wordpress\/ -->\n<title>EU anerkennt Schweizer Datenschutzrecht als gleichwertig - Schiller Rechtsanw\u00e4lte AG<\/title>\n<meta name=\"robots\" content=\"index, follow, max-snippet:-1, max-image-preview:large, max-video-preview:-1\" \/>\n<link rel=\"canonical\" href=\"https:\/\/schillerlegal.ch\/en\/eu-anerkennt-schweizer-datenschutzrecht-als-gleichwertig\/\" \/>\n<meta property=\"og:locale\" content=\"en_US\" \/>\n<meta property=\"og:type\" content=\"article\" \/>\n<meta property=\"og:title\" content=\"EU anerkennt Schweizer Datenschutzrecht als gleichwertig - Schiller Rechtsanw\u00e4lte AG\" \/>\n<meta property=\"og:description\" content=\"Die Europ\u00e4ische Kommission hat die neuen Bestimmungen des Schweizer Datenschutzrechts auf deren \u00dcbereinstimmung mit dem europ\u00e4ischen Standard \u00fcberpr\u00fcft. In ihrem Bericht vom 15. Januar 2024 hat die Kommission das Datenschutzniveau der Schweiz als angemessen anerkannt und best\u00e4tigt, dass auch die neuen Bestimmungen dem europ\u00e4ischen Standard entsprechen. Personendaten aus EU- oder EWR-Mitgliedstaaten k\u00f6nnen damit weiterhin ohne [&hellip;]\" \/>\n<meta property=\"og:url\" content=\"https:\/\/schillerlegal.ch\/en\/eu-anerkennt-schweizer-datenschutzrecht-als-gleichwertig\/\" \/>\n<meta property=\"og:site_name\" content=\"Schiller Rechtsanw\u00e4lte AG\" \/>\n<meta property=\"article:published_time\" content=\"2024-01-23T11:01:08+00:00\" \/>\n<meta property=\"article:modified_time\" content=\"2025-06-24T13:28:05+00:00\" \/>\n<meta name=\"author\" content=\"pusparasa\" \/>\n<meta name=\"twitter:card\" content=\"summary_large_image\" \/>\n<meta name=\"twitter:label1\" content=\"Written by\" \/>\n\t<meta name=\"twitter:data1\" content=\"pusparasa\" \/>\n\t<meta name=\"twitter:label2\" content=\"Est. reading time\" \/>\n\t<meta name=\"twitter:data2\" content=\"1 minute\" \/>\n<script type=\"application\/ld+json\" class=\"yoast-schema-graph\">{\"@context\":\"https:\\\/\\\/schema.org\",\"@graph\":[{\"@type\":\"Article\",\"@id\":\"https:\\\/\\\/schillerlegal.ch\\\/en\\\/eu-anerkennt-schweizer-datenschutzrecht-als-gleichwertig\\\/#article\",\"isPartOf\":{\"@id\":\"https:\\\/\\\/schillerlegal.ch\\\/en\\\/eu-anerkennt-schweizer-datenschutzrecht-als-gleichwertig\\\/\"},\"author\":{\"name\":\"pusparasa\",\"@id\":\"https:\\\/\\\/schillerlegal.ch\\\/en\\\/#\\\/schema\\\/person\\\/86726a4d370a54cd2152caf17b64d98c\"},\"headline\":\"EU anerkennt Schweizer Datenschutzrecht als gleichwertig\",\"datePublished\":\"2024-01-23T11:01:08+00:00\",\"dateModified\":\"2025-06-24T13:28:05+00:00\",\"mainEntityOfPage\":{\"@id\":\"https:\\\/\\\/schillerlegal.ch\\\/en\\\/eu-anerkennt-schweizer-datenschutzrecht-als-gleichwertig\\\/\"},\"wordCount\":74,\"articleSection\":[\"Unkategorisiert\"],\"inLanguage\":\"en-US\"},{\"@type\":\"WebPage\",\"@id\":\"https:\\\/\\\/schillerlegal.ch\\\/en\\\/eu-anerkennt-schweizer-datenschutzrecht-als-gleichwertig\\\/\",\"url\":\"https:\\\/\\\/schillerlegal.ch\\\/en\\\/eu-anerkennt-schweizer-datenschutzrecht-als-gleichwertig\\\/\",\"name\":\"EU anerkennt Schweizer Datenschutzrecht als gleichwertig - Schiller Rechtsanw\u00e4lte AG\",\"isPartOf\":{\"@id\":\"https:\\\/\\\/schillerlegal.ch\\\/en\\\/#website\"},\"datePublished\":\"2024-01-23T11:01:08+00:00\",\"dateModified\":\"2025-06-24T13:28:05+00:00\",\"author\":{\"@id\":\"https:\\\/\\\/schillerlegal.ch\\\/en\\\/#\\\/schema\\\/person\\\/86726a4d370a54cd2152caf17b64d98c\"},\"breadcrumb\":{\"@id\":\"https:\\\/\\\/schillerlegal.ch\\\/en\\\/eu-anerkennt-schweizer-datenschutzrecht-als-gleichwertig\\\/#breadcrumb\"},\"inLanguage\":\"en-US\",\"potentialAction\":[{\"@type\":\"ReadAction\",\"target\":[\"https:\\\/\\\/schillerlegal.ch\\\/en\\\/eu-anerkennt-schweizer-datenschutzrecht-als-gleichwertig\\\/\"]}]},{\"@type\":\"BreadcrumbList\",\"@id\":\"https:\\\/\\\/schillerlegal.ch\\\/en\\\/eu-anerkennt-schweizer-datenschutzrecht-als-gleichwertig\\\/#breadcrumb\",\"itemListElement\":[{\"@type\":\"ListItem\",\"position\":1,\"name\":\"Startseite\",\"item\":\"https:\\\/\\\/schillerlegal.ch\\\/en\\\/\"},{\"@type\":\"ListItem\",\"position\":2,\"name\":\"EU anerkennt Schweizer Datenschutzrecht als gleichwertig\"}]},{\"@type\":\"WebSite\",\"@id\":\"https:\\\/\\\/schillerlegal.ch\\\/en\\\/#website\",\"url\":\"https:\\\/\\\/schillerlegal.ch\\\/en\\\/\",\"name\":\"Schiller Rechtsanw\u00e4lte AG\",\"description\":\"\",\"potentialAction\":[{\"@type\":\"SearchAction\",\"target\":{\"@type\":\"EntryPoint\",\"urlTemplate\":\"https:\\\/\\\/schillerlegal.ch\\\/en\\\/?s={search_term_string}\"},\"query-input\":{\"@type\":\"PropertyValueSpecification\",\"valueRequired\":true,\"valueName\":\"search_term_string\"}}],\"inLanguage\":\"en-US\"},{\"@type\":\"Person\",\"@id\":\"https:\\\/\\\/schillerlegal.ch\\\/en\\\/#\\\/schema\\\/person\\\/86726a4d370a54cd2152caf17b64d98c\",\"name\":\"pusparasa\",\"image\":{\"@type\":\"ImageObject\",\"inLanguage\":\"en-US\",\"@id\":\"https:\\\/\\\/secure.gravatar.com\\\/avatar\\\/e9f835021a048f6c442857ae71474ebb0556524367848367a10b076cec21d2ea?s=96&d=mm&r=g\",\"url\":\"https:\\\/\\\/secure.gravatar.com\\\/avatar\\\/e9f835021a048f6c442857ae71474ebb0556524367848367a10b076cec21d2ea?s=96&d=mm&r=g\",\"contentUrl\":\"https:\\\/\\\/secure.gravatar.com\\\/avatar\\\/e9f835021a048f6c442857ae71474ebb0556524367848367a10b076cec21d2ea?s=96&d=mm&r=g\",\"caption\":\"pusparasa\"},\"url\":\"https:\\\/\\\/schillerlegal.ch\\\/en\\\/author\\\/pusparasa\\\/\"}]}<\/script>\n<!-- \/ Yoast SEO plugin. -->","yoast_head_json":{"title":"EU anerkennt Schweizer Datenschutzrecht als gleichwertig - Schiller Rechtsanw\u00e4lte AG","robots":{"index":"index","follow":"follow","max-snippet":"max-snippet:-1","max-image-preview":"max-image-preview:large","max-video-preview":"max-video-preview:-1"},"canonical":"https:\/\/schillerlegal.ch\/en\/eu-anerkennt-schweizer-datenschutzrecht-als-gleichwertig\/","og_locale":"en_US","og_type":"article","og_title":"EU anerkennt Schweizer Datenschutzrecht als gleichwertig - Schiller Rechtsanw\u00e4lte AG","og_description":"Die Europ\u00e4ische Kommission hat die neuen Bestimmungen des Schweizer Datenschutzrechts auf deren \u00dcbereinstimmung mit dem europ\u00e4ischen Standard \u00fcberpr\u00fcft. In ihrem Bericht vom 15. Januar 2024 hat die Kommission das Datenschutzniveau der Schweiz als angemessen anerkannt und best\u00e4tigt, dass auch die neuen Bestimmungen dem europ\u00e4ischen Standard entsprechen. Personendaten aus EU- oder EWR-Mitgliedstaaten k\u00f6nnen damit weiterhin ohne [&hellip;]","og_url":"https:\/\/schillerlegal.ch\/en\/eu-anerkennt-schweizer-datenschutzrecht-als-gleichwertig\/","og_site_name":"Schiller Rechtsanw\u00e4lte AG","article_published_time":"2024-01-23T11:01:08+00:00","article_modified_time":"2025-06-24T13:28:05+00:00","author":"pusparasa","twitter_card":"summary_large_image","twitter_misc":{"Written by":"pusparasa","Est. reading time":"1 minute"},"schema":{"@context":"https:\/\/schema.org","@graph":[{"@type":"Article","@id":"https:\/\/schillerlegal.ch\/en\/eu-anerkennt-schweizer-datenschutzrecht-als-gleichwertig\/#article","isPartOf":{"@id":"https:\/\/schillerlegal.ch\/en\/eu-anerkennt-schweizer-datenschutzrecht-als-gleichwertig\/"},"author":{"name":"pusparasa","@id":"https:\/\/schillerlegal.ch\/en\/#\/schema\/person\/86726a4d370a54cd2152caf17b64d98c"},"headline":"EU anerkennt Schweizer Datenschutzrecht als gleichwertig","datePublished":"2024-01-23T11:01:08+00:00","dateModified":"2025-06-24T13:28:05+00:00","mainEntityOfPage":{"@id":"https:\/\/schillerlegal.ch\/en\/eu-anerkennt-schweizer-datenschutzrecht-als-gleichwertig\/"},"wordCount":74,"articleSection":["Unkategorisiert"],"inLanguage":"en-US"},{"@type":"WebPage","@id":"https:\/\/schillerlegal.ch\/en\/eu-anerkennt-schweizer-datenschutzrecht-als-gleichwertig\/","url":"https:\/\/schillerlegal.ch\/en\/eu-anerkennt-schweizer-datenschutzrecht-als-gleichwertig\/","name":"EU anerkennt Schweizer Datenschutzrecht als gleichwertig - Schiller Rechtsanw\u00e4lte AG","isPartOf":{"@id":"https:\/\/schillerlegal.ch\/en\/#website"},"datePublished":"2024-01-23T11:01:08+00:00","dateModified":"2025-06-24T13:28:05+00:00","author":{"@id":"https:\/\/schillerlegal.ch\/en\/#\/schema\/person\/86726a4d370a54cd2152caf17b64d98c"},"breadcrumb":{"@id":"https:\/\/schillerlegal.ch\/en\/eu-anerkennt-schweizer-datenschutzrecht-als-gleichwertig\/#breadcrumb"},"inLanguage":"en-US","potentialAction":[{"@type":"ReadAction","target":["https:\/\/schillerlegal.ch\/en\/eu-anerkennt-schweizer-datenschutzrecht-als-gleichwertig\/"]}]},{"@type":"BreadcrumbList","@id":"https:\/\/schillerlegal.ch\/en\/eu-anerkennt-schweizer-datenschutzrecht-als-gleichwertig\/#breadcrumb","itemListElement":[{"@type":"ListItem","position":1,"name":"Startseite","item":"https:\/\/schillerlegal.ch\/en\/"},{"@type":"ListItem","position":2,"name":"EU anerkennt Schweizer Datenschutzrecht als gleichwertig"}]},{"@type":"WebSite","@id":"https:\/\/schillerlegal.ch\/en\/#website","url":"https:\/\/schillerlegal.ch\/en\/","name":"Schiller Rechtsanw\u00e4lte AG","description":"","potentialAction":[{"@type":"SearchAction","target":{"@type":"EntryPoint","urlTemplate":"https:\/\/schillerlegal.ch\/en\/?s={search_term_string}"},"query-input":{"@type":"PropertyValueSpecification","valueRequired":true,"valueName":"search_term_string"}}],"inLanguage":"en-US"},{"@type":"Person","@id":"https:\/\/schillerlegal.ch\/en\/#\/schema\/person\/86726a4d370a54cd2152caf17b64d98c","name":"pusparasa","image":{"@type":"ImageObject","inLanguage":"en-US","@id":"https:\/\/secure.gravatar.com\/avatar\/e9f835021a048f6c442857ae71474ebb0556524367848367a10b076cec21d2ea?s=96&d=mm&r=g","url":"https:\/\/secure.gravatar.com\/avatar\/e9f835021a048f6c442857ae71474ebb0556524367848367a10b076cec21d2ea?s=96&d=mm&r=g","contentUrl":"https:\/\/secure.gravatar.com\/avatar\/e9f835021a048f6c442857ae71474ebb0556524367848367a10b076cec21d2ea?s=96&d=mm&r=g","caption":"pusparasa"},"url":"https:\/\/schillerlegal.ch\/en\/author\/pusparasa\/"}]}},"_links":{"self":[{"href":"https:\/\/schillerlegal.ch\/en\/wp-json\/wp\/v2\/posts\/652","targetHints":{"allow":["GET"]}}],"collection":[{"href":"https:\/\/schillerlegal.ch\/en\/wp-json\/wp\/v2\/posts"}],"about":[{"href":"https:\/\/schillerlegal.ch\/en\/wp-json\/wp\/v2\/types\/post"}],"author":[{"embeddable":true,"href":"https:\/\/schillerlegal.ch\/en\/wp-json\/wp\/v2\/users\/4"}],"replies":[{"embeddable":true,"href":"https:\/\/schillerlegal.ch\/en\/wp-json\/wp\/v2\/comments?post=652"}],"version-history":[{"count":2,"href":"https:\/\/schillerlegal.ch\/en\/wp-json\/wp\/v2\/posts\/652\/revisions"}],"predecessor-version":[{"id":782,"href":"https:\/\/schillerlegal.ch\/en\/wp-json\/wp\/v2\/posts\/652\/revisions\/782"}],"wp:attachment":[{"href":"https:\/\/schillerlegal.ch\/en\/wp-json\/wp\/v2\/media?parent=652"}],"wp:term":[{"taxonomy":"category","embeddable":true,"href":"https:\/\/schillerlegal.ch\/en\/wp-json\/wp\/v2\/categories?post=652"},{"taxonomy":"post_tag","embeddable":true,"href":"https:\/\/schillerlegal.ch\/en\/wp-json\/wp\/v2\/tags?post=652"},{"taxonomy":"area-of-activity","embeddable":true,"href":"https:\/\/schillerlegal.ch\/en\/wp-json\/wp\/v2\/area-of-activity?post=652"}],"curies":[{"name":"wp","href":"https:\/\/api.w.org\/{rel}","templated":true}]}}