{"id":635,"date":"2023-01-25T12:01:00","date_gmt":"2023-01-25T11:01:00","guid":{"rendered":"https:\/\/schiller.site-preview.ch\/?p=635"},"modified":"2025-05-23T11:24:17","modified_gmt":"2025-05-23T09:24:17","slug":"drohnen-weitgehende-registrierungspflicht-seit-1-januar-2023","status":"publish","type":"post","link":"https:\/\/schillerlegal.ch\/en\/drohnen-weitgehende-registrierungspflicht-seit-1-januar-2023\/","title":{"rendered":"Drohnen: Weitgehende Registrierungspflicht seit 1. Januar 2023"},"content":{"rendered":"\n<p>Seit 1. Januar 2023 gelten in der Schweiz die Verordnungen (EU) Nr. 945\/2019 und 947\/2019 und damit die europ\u00e4ischen Regeln f\u00fcr den Betrieb, die Registrierung und Bewilligung von Drohnen sowie die f\u00fcr den Betrieb von Drohnen erforderlichen Schulungen und Pr\u00fcfungen.<\/p>\n\n\n\n<p>Eine Bewilligungspflicht besteht f\u00fcr alle Drohnen \u00fcber 25 kg sowie f\u00fcr leichtere Drohnen, wenn sie nicht nur im Sichtflug eingesetzt werden oder &nbsp;wenn mit ihnen mehr als 120 m \u00fcber Boden oder \u00fcber Menschenansammlungen geflogen wird.<\/p>\n\n\n\n<p>Eine Registrierungspflicht besteht f\u00fcr alle Drohnen \u00fcber 250 g bis 25 kg, soweit nicht eine Bewilligungspflicht besteht. F\u00fcr Drohnen bis 250 g besteht eine Registrierungspflicht, wenn sie mit einer Kamera ausger\u00fcstet sind. Davon abgesehen sind Drohnen bis 250 g von der Registrierungspflicht ausgenommen. Die Registrierung kann \u00fcber das UAS.gate des Bundeamtes f\u00fcr Zivilluftfahrt (BAZL) erfolgen. F\u00fcr den Betrieb von Drohnen \u00fcber 250 g sind Online-Schulungen und z.T. auch Online-Pr\u00fcfungen zu absolvieren.<\/p>\n\n\n\n<p>Unabh\u00e4ngig von der Registrierungspflicht m\u00fcssen Drohnen mit einem CE-Kennzeichen und einer Klassenmarkierung (C0 &#8211; C6) versehen sein. Andernfalls darf die Drohne nicht betrieben werden. Eine Ausnahme von der CE-Kennzeichnungspflicht gilt f\u00fcr selbst gebaute Drohnen. Bei fehlender Klassenmarkierung gilt eine \u00dcbergangsfrist bis Ende 2023.<\/p>\n\n\n\n<p>F\u00fcr registrierungspflichtige Drohnen besteht die Pflicht, eine Haftpflichtversicherung mit einer Mindestsumme von CHF 1 Mio. abzuschliessen. Unter 12-j\u00e4hrige d\u00fcrfen sie nur unter Aufsicht einer mindestens 16-j\u00e4hrigen Person betreiben. Der Betrieb darf nur auf Sicht erfolgen. Die maximale Flugh\u00f6he betr\u00e4gt 120 m. Beim Betrieb muss zu unbeteiligten Personen ein angemessener Abstand eingehalten werden, dessen Gr\u00f6sse von der Unterkategorie abh\u00e4ngt, in die die Drohne f\u00e4llt. Menschenansammlungen d\u00fcrfen nicht \u00fcberflogen werden. Zu zivilen und milit\u00e4rischen Flugpl\u00e4tzen ist ein Mindestabstand von 5 km einzuhalten. Ausserdem sind Gebietseinschr\u00e4nkungen und Sperrzonen zu beachten.<\/p>\n\n\n\n<p>Spezialregelungen gibt es f\u00fcr Modellflugzeuge, welche im Rahmen eines Modellflugzeugvereins oder Verbands betrieben werden.<\/p>\n\n\n\n<p>Weitergehende Informationen gibt es auf der Homepage des BAZL:&nbsp;<a href=\"https:\/\/www.bazl.admin.ch\/bazl\/de\/home\/drohnen.html\">https:\/\/www.bazl.admin.ch\/bazl\/de\/home\/drohnen.html<\/a>. Dort findet sich auch der Link zum UAS.gate und die Drohnenkarte des Bundes mit den Gebieten, in denen der Betrieb von Drohnen eingeschr\u00e4nkt ist.<\/p>\n\n\n\n<h2 class=\"wp-block-heading\">Autor<\/h2>\n\n\n<div class=\"indy-block-people\">\n  <div class=\"row\">\n                  <div class=\"person col-md-6 col-lg-4 col-xl-3\">\n          <article class=\"tease tease-team-member\" id=\"tease-1044\">\n\t\t\t<div class=\"portrait\">\n\t\t<img decoding=\"async\" src=\"https:\/\/schillerlegal.ch\/wp-content\/uploads\/2024\/05\/cropped_0031_DSC02000-300x0-c-default.jpg\" srcset=\"https:\/\/schillerlegal.ch\/wp-content\/uploads\/2024\/05\/cropped_0031_DSC02000-300x0-c-default.jpg 1x, https:\/\/schillerlegal.ch\/wp-content\/uploads\/2024\/05\/cropped_0031_DSC02000-600x0-c-default.jpg 2x\">\n\t<\/div>\n\t<div class=\"text\">\n\t\t<h5 class=\"title\">Heinrich Hempel<\/h5>\n\t\t<div class=\"sub\">\n\t\t\t<div class=\"position\">Partner<\/div>\n\t\t\t<div class=\"arrow-icon\"><?xml version=\"1.0\" encoding=\"utf-8\"?>\n<!-- Generator: Adobe Illustrator 28.2.0, SVG Export Plug-In . SVG Version: 6.00 Build 0)  -->\n<svg version=\"1.1\" id=\"uuid-0d01a91a-173c-4929-a2a8-92feee4570de\"\n\t xmlns=\"http:\/\/www.w3.org\/2000\/svg\" xmlns:xlink=\"http:\/\/www.w3.org\/1999\/xlink\" x=\"0px\" y=\"0px\" viewBox=\"0 0 40.2 18\"\n\t style=\"enable-background:new 0 0 40.2 18;\" xml:space=\"preserve\">\n<g id=\"uuid-337baa6b-6f6e-46a6-ab3d-80cfea9952c5\">\n\t<path id=\"uuid-42a080c4-afe9-4bb8-80e1-1e35f5b11246\" d=\"M31.2,18l-1.7-1.7l6.1-6.1H0V7.8h35.6l-6.1-6.2L31.2,0l9,9L31.2,18\n\t\tL31.2,18z\"\/>\n<\/g>\n<\/svg>\n<\/div>\n\t\t<\/div>\n\t<\/div>\n\t<a class=\"link\" href=\"https:\/\/schillerlegal.ch\/en\/team-member\/heinrich-hempel\/\">\n\t\t<span class=\"visually-hidden\">Go to article<\/span>\n\t<\/a>\n<\/article>\n        <\/div>\n            <\/div>\n<\/div>\n","protected":false},"excerpt":{"rendered":"<p>Seit 1. Januar 2023 gelten in der Schweiz die Verordnungen (EU) Nr. 945\/2019 und 947\/2019 und damit die europ\u00e4ischen Regeln f\u00fcr den Betrieb, die Registrierung und Bewilligung von Drohnen sowie die f\u00fcr den Betrieb von Drohnen erforderlichen Schulungen und Pr\u00fcfungen. Eine Bewilligungspflicht besteht f\u00fcr alle Drohnen \u00fcber 25 kg sowie f\u00fcr leichtere Drohnen, wenn sie [&hellip;]<\/p>\n","protected":false},"author":4,"featured_media":0,"comment_status":"closed","ping_status":"closed","sticky":false,"template":"","format":"standard","meta":{"_acf_changed":false,"footnotes":""},"categories":[1],"tags":[],"area-of-activity":[4],"class_list":["post-635","post","type-post","status-publish","format-standard","hentry","category-unkategorisiert","area-of-activity-luft-und-transportrecht"],"acf":[],"yoast_head":"<!-- This site is optimized with the Yoast SEO plugin v27.3 - https:\/\/yoast.com\/product\/yoast-seo-wordpress\/ -->\n<title>Drohnen: Weitgehende Registrierungspflicht seit 1. Januar 2023 - Schiller Rechtsanw\u00e4lte AG<\/title>\n<meta name=\"robots\" content=\"index, follow, max-snippet:-1, max-image-preview:large, max-video-preview:-1\" \/>\n<link rel=\"canonical\" href=\"https:\/\/schillerlegal.ch\/en\/drohnen-weitgehende-registrierungspflicht-seit-1-januar-2023\/\" \/>\n<meta property=\"og:locale\" content=\"en_US\" \/>\n<meta property=\"og:type\" content=\"article\" \/>\n<meta property=\"og:title\" content=\"Drohnen: Weitgehende Registrierungspflicht seit 1. Januar 2023 - Schiller Rechtsanw\u00e4lte AG\" \/>\n<meta property=\"og:description\" content=\"Seit 1. Januar 2023 gelten in der Schweiz die Verordnungen (EU) Nr. 945\/2019 und 947\/2019 und damit die europ\u00e4ischen Regeln f\u00fcr den Betrieb, die Registrierung und Bewilligung von Drohnen sowie die f\u00fcr den Betrieb von Drohnen erforderlichen Schulungen und Pr\u00fcfungen. Eine Bewilligungspflicht besteht f\u00fcr alle Drohnen \u00fcber 25 kg sowie f\u00fcr leichtere Drohnen, wenn sie [&hellip;]\" \/>\n<meta property=\"og:url\" content=\"https:\/\/schillerlegal.ch\/en\/drohnen-weitgehende-registrierungspflicht-seit-1-januar-2023\/\" \/>\n<meta property=\"og:site_name\" content=\"Schiller Rechtsanw\u00e4lte AG\" \/>\n<meta property=\"article:published_time\" content=\"2023-01-25T11:01:00+00:00\" \/>\n<meta property=\"article:modified_time\" content=\"2025-05-23T09:24:17+00:00\" \/>\n<meta name=\"author\" content=\"pusparasa\" \/>\n<meta name=\"twitter:card\" content=\"summary_large_image\" \/>\n<meta name=\"twitter:label1\" content=\"Written by\" \/>\n\t<meta name=\"twitter:data1\" content=\"pusparasa\" \/>\n\t<meta name=\"twitter:label2\" content=\"Est. reading time\" \/>\n\t<meta name=\"twitter:data2\" content=\"2 minutes\" \/>\n<script type=\"application\/ld+json\" class=\"yoast-schema-graph\">{\"@context\":\"https:\\\/\\\/schema.org\",\"@graph\":[{\"@type\":\"Article\",\"@id\":\"https:\\\/\\\/schillerlegal.ch\\\/en\\\/drohnen-weitgehende-registrierungspflicht-seit-1-januar-2023\\\/#article\",\"isPartOf\":{\"@id\":\"https:\\\/\\\/schillerlegal.ch\\\/en\\\/drohnen-weitgehende-registrierungspflicht-seit-1-januar-2023\\\/\"},\"author\":{\"name\":\"pusparasa\",\"@id\":\"https:\\\/\\\/schillerlegal.ch\\\/en\\\/#\\\/schema\\\/person\\\/86726a4d370a54cd2152caf17b64d98c\"},\"headline\":\"Drohnen: Weitgehende Registrierungspflicht seit 1. Januar 2023\",\"datePublished\":\"2023-01-25T11:01:00+00:00\",\"dateModified\":\"2025-05-23T09:24:17+00:00\",\"mainEntityOfPage\":{\"@id\":\"https:\\\/\\\/schillerlegal.ch\\\/en\\\/drohnen-weitgehende-registrierungspflicht-seit-1-januar-2023\\\/\"},\"wordCount\":360,\"articleSection\":[\"Unkategorisiert\"],\"inLanguage\":\"en-US\"},{\"@type\":\"WebPage\",\"@id\":\"https:\\\/\\\/schillerlegal.ch\\\/en\\\/drohnen-weitgehende-registrierungspflicht-seit-1-januar-2023\\\/\",\"url\":\"https:\\\/\\\/schillerlegal.ch\\\/en\\\/drohnen-weitgehende-registrierungspflicht-seit-1-januar-2023\\\/\",\"name\":\"Drohnen: Weitgehende Registrierungspflicht seit 1. Januar 2023 - Schiller Rechtsanw\u00e4lte AG\",\"isPartOf\":{\"@id\":\"https:\\\/\\\/schillerlegal.ch\\\/en\\\/#website\"},\"datePublished\":\"2023-01-25T11:01:00+00:00\",\"dateModified\":\"2025-05-23T09:24:17+00:00\",\"author\":{\"@id\":\"https:\\\/\\\/schillerlegal.ch\\\/en\\\/#\\\/schema\\\/person\\\/86726a4d370a54cd2152caf17b64d98c\"},\"breadcrumb\":{\"@id\":\"https:\\\/\\\/schillerlegal.ch\\\/en\\\/drohnen-weitgehende-registrierungspflicht-seit-1-januar-2023\\\/#breadcrumb\"},\"inLanguage\":\"en-US\",\"potentialAction\":[{\"@type\":\"ReadAction\",\"target\":[\"https:\\\/\\\/schillerlegal.ch\\\/en\\\/drohnen-weitgehende-registrierungspflicht-seit-1-januar-2023\\\/\"]}]},{\"@type\":\"BreadcrumbList\",\"@id\":\"https:\\\/\\\/schillerlegal.ch\\\/en\\\/drohnen-weitgehende-registrierungspflicht-seit-1-januar-2023\\\/#breadcrumb\",\"itemListElement\":[{\"@type\":\"ListItem\",\"position\":1,\"name\":\"Startseite\",\"item\":\"https:\\\/\\\/schillerlegal.ch\\\/en\\\/\"},{\"@type\":\"ListItem\",\"position\":2,\"name\":\"Drohnen: Weitgehende Registrierungspflicht seit 1. Januar 2023\"}]},{\"@type\":\"WebSite\",\"@id\":\"https:\\\/\\\/schillerlegal.ch\\\/en\\\/#website\",\"url\":\"https:\\\/\\\/schillerlegal.ch\\\/en\\\/\",\"name\":\"Schiller Rechtsanw\u00e4lte AG\",\"description\":\"\",\"potentialAction\":[{\"@type\":\"SearchAction\",\"target\":{\"@type\":\"EntryPoint\",\"urlTemplate\":\"https:\\\/\\\/schillerlegal.ch\\\/en\\\/?s={search_term_string}\"},\"query-input\":{\"@type\":\"PropertyValueSpecification\",\"valueRequired\":true,\"valueName\":\"search_term_string\"}}],\"inLanguage\":\"en-US\"},{\"@type\":\"Person\",\"@id\":\"https:\\\/\\\/schillerlegal.ch\\\/en\\\/#\\\/schema\\\/person\\\/86726a4d370a54cd2152caf17b64d98c\",\"name\":\"pusparasa\",\"image\":{\"@type\":\"ImageObject\",\"inLanguage\":\"en-US\",\"@id\":\"https:\\\/\\\/secure.gravatar.com\\\/avatar\\\/e9f835021a048f6c442857ae71474ebb0556524367848367a10b076cec21d2ea?s=96&d=mm&r=g\",\"url\":\"https:\\\/\\\/secure.gravatar.com\\\/avatar\\\/e9f835021a048f6c442857ae71474ebb0556524367848367a10b076cec21d2ea?s=96&d=mm&r=g\",\"contentUrl\":\"https:\\\/\\\/secure.gravatar.com\\\/avatar\\\/e9f835021a048f6c442857ae71474ebb0556524367848367a10b076cec21d2ea?s=96&d=mm&r=g\",\"caption\":\"pusparasa\"},\"url\":\"https:\\\/\\\/schillerlegal.ch\\\/en\\\/author\\\/pusparasa\\\/\"}]}<\/script>\n<!-- \/ Yoast SEO plugin. -->","yoast_head_json":{"title":"Drohnen: Weitgehende Registrierungspflicht seit 1. Januar 2023 - Schiller Rechtsanw\u00e4lte AG","robots":{"index":"index","follow":"follow","max-snippet":"max-snippet:-1","max-image-preview":"max-image-preview:large","max-video-preview":"max-video-preview:-1"},"canonical":"https:\/\/schillerlegal.ch\/en\/drohnen-weitgehende-registrierungspflicht-seit-1-januar-2023\/","og_locale":"en_US","og_type":"article","og_title":"Drohnen: Weitgehende Registrierungspflicht seit 1. Januar 2023 - Schiller Rechtsanw\u00e4lte AG","og_description":"Seit 1. Januar 2023 gelten in der Schweiz die Verordnungen (EU) Nr. 945\/2019 und 947\/2019 und damit die europ\u00e4ischen Regeln f\u00fcr den Betrieb, die Registrierung und Bewilligung von Drohnen sowie die f\u00fcr den Betrieb von Drohnen erforderlichen Schulungen und Pr\u00fcfungen. Eine Bewilligungspflicht besteht f\u00fcr alle Drohnen \u00fcber 25 kg sowie f\u00fcr leichtere Drohnen, wenn sie [&hellip;]","og_url":"https:\/\/schillerlegal.ch\/en\/drohnen-weitgehende-registrierungspflicht-seit-1-januar-2023\/","og_site_name":"Schiller Rechtsanw\u00e4lte AG","article_published_time":"2023-01-25T11:01:00+00:00","article_modified_time":"2025-05-23T09:24:17+00:00","author":"pusparasa","twitter_card":"summary_large_image","twitter_misc":{"Written by":"pusparasa","Est. reading time":"2 minutes"},"schema":{"@context":"https:\/\/schema.org","@graph":[{"@type":"Article","@id":"https:\/\/schillerlegal.ch\/en\/drohnen-weitgehende-registrierungspflicht-seit-1-januar-2023\/#article","isPartOf":{"@id":"https:\/\/schillerlegal.ch\/en\/drohnen-weitgehende-registrierungspflicht-seit-1-januar-2023\/"},"author":{"name":"pusparasa","@id":"https:\/\/schillerlegal.ch\/en\/#\/schema\/person\/86726a4d370a54cd2152caf17b64d98c"},"headline":"Drohnen: Weitgehende Registrierungspflicht seit 1. Januar 2023","datePublished":"2023-01-25T11:01:00+00:00","dateModified":"2025-05-23T09:24:17+00:00","mainEntityOfPage":{"@id":"https:\/\/schillerlegal.ch\/en\/drohnen-weitgehende-registrierungspflicht-seit-1-januar-2023\/"},"wordCount":360,"articleSection":["Unkategorisiert"],"inLanguage":"en-US"},{"@type":"WebPage","@id":"https:\/\/schillerlegal.ch\/en\/drohnen-weitgehende-registrierungspflicht-seit-1-januar-2023\/","url":"https:\/\/schillerlegal.ch\/en\/drohnen-weitgehende-registrierungspflicht-seit-1-januar-2023\/","name":"Drohnen: Weitgehende Registrierungspflicht seit 1. Januar 2023 - Schiller Rechtsanw\u00e4lte AG","isPartOf":{"@id":"https:\/\/schillerlegal.ch\/en\/#website"},"datePublished":"2023-01-25T11:01:00+00:00","dateModified":"2025-05-23T09:24:17+00:00","author":{"@id":"https:\/\/schillerlegal.ch\/en\/#\/schema\/person\/86726a4d370a54cd2152caf17b64d98c"},"breadcrumb":{"@id":"https:\/\/schillerlegal.ch\/en\/drohnen-weitgehende-registrierungspflicht-seit-1-januar-2023\/#breadcrumb"},"inLanguage":"en-US","potentialAction":[{"@type":"ReadAction","target":["https:\/\/schillerlegal.ch\/en\/drohnen-weitgehende-registrierungspflicht-seit-1-januar-2023\/"]}]},{"@type":"BreadcrumbList","@id":"https:\/\/schillerlegal.ch\/en\/drohnen-weitgehende-registrierungspflicht-seit-1-januar-2023\/#breadcrumb","itemListElement":[{"@type":"ListItem","position":1,"name":"Startseite","item":"https:\/\/schillerlegal.ch\/en\/"},{"@type":"ListItem","position":2,"name":"Drohnen: Weitgehende Registrierungspflicht seit 1. Januar 2023"}]},{"@type":"WebSite","@id":"https:\/\/schillerlegal.ch\/en\/#website","url":"https:\/\/schillerlegal.ch\/en\/","name":"Schiller Rechtsanw\u00e4lte AG","description":"","potentialAction":[{"@type":"SearchAction","target":{"@type":"EntryPoint","urlTemplate":"https:\/\/schillerlegal.ch\/en\/?s={search_term_string}"},"query-input":{"@type":"PropertyValueSpecification","valueRequired":true,"valueName":"search_term_string"}}],"inLanguage":"en-US"},{"@type":"Person","@id":"https:\/\/schillerlegal.ch\/en\/#\/schema\/person\/86726a4d370a54cd2152caf17b64d98c","name":"pusparasa","image":{"@type":"ImageObject","inLanguage":"en-US","@id":"https:\/\/secure.gravatar.com\/avatar\/e9f835021a048f6c442857ae71474ebb0556524367848367a10b076cec21d2ea?s=96&d=mm&r=g","url":"https:\/\/secure.gravatar.com\/avatar\/e9f835021a048f6c442857ae71474ebb0556524367848367a10b076cec21d2ea?s=96&d=mm&r=g","contentUrl":"https:\/\/secure.gravatar.com\/avatar\/e9f835021a048f6c442857ae71474ebb0556524367848367a10b076cec21d2ea?s=96&d=mm&r=g","caption":"pusparasa"},"url":"https:\/\/schillerlegal.ch\/en\/author\/pusparasa\/"}]}},"_links":{"self":[{"href":"https:\/\/schillerlegal.ch\/en\/wp-json\/wp\/v2\/posts\/635","targetHints":{"allow":["GET"]}}],"collection":[{"href":"https:\/\/schillerlegal.ch\/en\/wp-json\/wp\/v2\/posts"}],"about":[{"href":"https:\/\/schillerlegal.ch\/en\/wp-json\/wp\/v2\/types\/post"}],"author":[{"embeddable":true,"href":"https:\/\/schillerlegal.ch\/en\/wp-json\/wp\/v2\/users\/4"}],"replies":[{"embeddable":true,"href":"https:\/\/schillerlegal.ch\/en\/wp-json\/wp\/v2\/comments?post=635"}],"version-history":[{"count":3,"href":"https:\/\/schillerlegal.ch\/en\/wp-json\/wp\/v2\/posts\/635\/revisions"}],"predecessor-version":[{"id":1544,"href":"https:\/\/schillerlegal.ch\/en\/wp-json\/wp\/v2\/posts\/635\/revisions\/1544"}],"wp:attachment":[{"href":"https:\/\/schillerlegal.ch\/en\/wp-json\/wp\/v2\/media?parent=635"}],"wp:term":[{"taxonomy":"category","embeddable":true,"href":"https:\/\/schillerlegal.ch\/en\/wp-json\/wp\/v2\/categories?post=635"},{"taxonomy":"post_tag","embeddable":true,"href":"https:\/\/schillerlegal.ch\/en\/wp-json\/wp\/v2\/tags?post=635"},{"taxonomy":"area-of-activity","embeddable":true,"href":"https:\/\/schillerlegal.ch\/en\/wp-json\/wp\/v2\/area-of-activity?post=635"}],"curies":[{"name":"wp","href":"https:\/\/api.w.org\/{rel}","templated":true}]}}