{"id":632,"date":"2022-09-26T12:01:00","date_gmt":"2022-09-26T10:01:00","guid":{"rendered":"https:\/\/schiller.site-preview.ch\/?p=632"},"modified":"2024-06-07T11:18:23","modified_gmt":"2024-06-07T09:18:23","slug":"juristische-weiterbildungsveranstaltung-am-31-oktober-2022-aktuelle-gesetzesentwicklungen","status":"publish","type":"post","link":"https:\/\/schillerlegal.ch\/en\/juristische-weiterbildungsveranstaltung-am-31-oktober-2022-aktuelle-gesetzesentwicklungen\/","title":{"rendered":"Juristische Weiterbildungsveranstaltung am 31. Oktober 2022 &#8220;Aktuelle Gesetzesentwicklungen&#8221;"},"content":{"rendered":"\n<p>Mit der 8. juristischen Weiterbildungsveranstaltung von Schiller Rechtsanw\u00e4lte wollen wir einen \u00dcberblick \u00fcber aktuelle rechtliche Entwicklungen in verschiedenen Rechtsgebieten geben. Die Teilnehmerinnen und Teilnehmer sollen erfahren, was auf sie zukommt, und erkennen k\u00f6nnen, ob f\u00fcr sie Handlungsbedarf besteht.<\/p>\n\n\n\n<p>Von 17.00 bis 18.30 Uhr referieren Dorothee Auw\u00e4rter, Michael Hochstrasser, Andrea Frey und Simon Bachmann zu den Gesetzesrevisionen und aktuellen Entwicklungen im Aktien-, Erb-, Datenschutz- und Baurecht. Im Anschluss an die Referate gibt es einen Ap\u00e9ro.<\/p>\n\n\n\n<p>Weitere Informationen zum Seminar und zur Anmeldung entnehmen Sie bitte dem&nbsp;<a href=\"https:\/\/schillerlegal.ch\/wp-content\/uploads\/2024\/05\/01_Schiller_Einladung_Seminar_2022_wd11.pdf\">Flyer<\/a>; ausserdem k\u00f6nnen Sie uns telefonisch (052 269 16 16) oder per E-Mail (<a href=\"mailto:office@schillerlegal.ch\">office@schillerlegal.ch<\/a>) kontaktieren.<\/p>\n\n\n\n<h2 class=\"wp-block-heading\">Autoren<\/h2>\n\n\n<div class=\"indy-block-people\">\n  <div class=\"row\">\n                  <div class=\"person col-md-6 col-lg-4 col-xl-3\">\n          <article class=\"tease tease-team-member\" id=\"tease-1026\">\n\t\t\t<div class=\"portrait\">\n\t\t<img decoding=\"async\" src=\"https:\/\/schillerlegal.ch\/wp-content\/uploads\/2024\/06\/cropped_0032_DSC01973-300x0-c-default.jpg\" srcset=\"https:\/\/schillerlegal.ch\/wp-content\/uploads\/2024\/06\/cropped_0032_DSC01973-300x0-c-default.jpg 1x, https:\/\/schillerlegal.ch\/wp-content\/uploads\/2024\/06\/cropped_0032_DSC01973-600x0-c-default.jpg 2x\">\n\t<\/div>\n\t<div class=\"text\">\n\t\t<h5 class=\"title\">Dorothee Auw\u00e4rter<\/h5>\n\t\t<div class=\"sub\">\n\t\t\t<div class=\"position\">Partner<\/div>\n\t\t\t<div class=\"arrow-icon\"><?xml version=\"1.0\" encoding=\"utf-8\"?>\n<!-- Generator: Adobe Illustrator 28.2.0, SVG Export Plug-In . SVG Version: 6.00 Build 0)  -->\n<svg version=\"1.1\" id=\"uuid-0d01a91a-173c-4929-a2a8-92feee4570de\"\n\t xmlns=\"http:\/\/www.w3.org\/2000\/svg\" xmlns:xlink=\"http:\/\/www.w3.org\/1999\/xlink\" x=\"0px\" y=\"0px\" viewBox=\"0 0 40.2 18\"\n\t style=\"enable-background:new 0 0 40.2 18;\" xml:space=\"preserve\">\n<g id=\"uuid-337baa6b-6f6e-46a6-ab3d-80cfea9952c5\">\n\t<path id=\"uuid-42a080c4-afe9-4bb8-80e1-1e35f5b11246\" d=\"M31.2,18l-1.7-1.7l6.1-6.1H0V7.8h35.6l-6.1-6.2L31.2,0l9,9L31.2,18\n\t\tL31.2,18z\"\/>\n<\/g>\n<\/svg>\n<\/div>\n\t\t<\/div>\n\t<\/div>\n\t<a class=\"link\" href=\"https:\/\/schillerlegal.ch\/en\/team-member\/dorothee-auwaerter\/\">\n\t\t<span class=\"visually-hidden\">Go to article<\/span>\n\t<\/a>\n<\/article>\n        <\/div>\n              <div class=\"person col-md-6 col-lg-4 col-xl-3\">\n          <article class=\"tease tease-team-member\" id=\"tease-1048\">\n\t\t\t<div class=\"portrait\">\n\t\t<img decoding=\"async\" src=\"https:\/\/schillerlegal.ch\/wp-content\/uploads\/2024\/05\/cropped_0049_DSC01591-300x0-c-default.jpg\" srcset=\"https:\/\/schillerlegal.ch\/wp-content\/uploads\/2024\/05\/cropped_0049_DSC01591-300x0-c-default.jpg 1x, https:\/\/schillerlegal.ch\/wp-content\/uploads\/2024\/05\/cropped_0049_DSC01591-600x0-c-default.jpg 2x\">\n\t<\/div>\n\t<div class=\"text\">\n\t\t<h5 class=\"title\">Michael Hochstrasser<\/h5>\n\t\t<div class=\"sub\">\n\t\t\t<div class=\"position\">Partner<\/div>\n\t\t\t<div class=\"arrow-icon\"><?xml version=\"1.0\" encoding=\"utf-8\"?>\n<!-- Generator: Adobe Illustrator 28.2.0, SVG Export Plug-In . SVG Version: 6.00 Build 0)  -->\n<svg version=\"1.1\" id=\"uuid-0d01a91a-173c-4929-a2a8-92feee4570de\"\n\t xmlns=\"http:\/\/www.w3.org\/2000\/svg\" xmlns:xlink=\"http:\/\/www.w3.org\/1999\/xlink\" x=\"0px\" y=\"0px\" viewBox=\"0 0 40.2 18\"\n\t style=\"enable-background:new 0 0 40.2 18;\" xml:space=\"preserve\">\n<g id=\"uuid-337baa6b-6f6e-46a6-ab3d-80cfea9952c5\">\n\t<path id=\"uuid-42a080c4-afe9-4bb8-80e1-1e35f5b11246\" d=\"M31.2,18l-1.7-1.7l6.1-6.1H0V7.8h35.6l-6.1-6.2L31.2,0l9,9L31.2,18\n\t\tL31.2,18z\"\/>\n<\/g>\n<\/svg>\n<\/div>\n\t\t<\/div>\n\t<\/div>\n\t<a class=\"link\" href=\"https:\/\/schillerlegal.ch\/en\/team-member\/michael-hochstrasser\/\">\n\t\t<span class=\"visually-hidden\">Go to article<\/span>\n\t<\/a>\n<\/article>\n        <\/div>\n              <div class=\"person col-md-6 col-lg-4 col-xl-3\">\n          <article class=\"tease tease-team-member\" id=\"tease-1032\">\n\t\t\t<div class=\"portrait\">\n\t\t<img decoding=\"async\" src=\"https:\/\/schillerlegal.ch\/wp-content\/uploads\/2024\/04\/simon-bachmann-300x0-c-default.jpg\" srcset=\"https:\/\/schillerlegal.ch\/wp-content\/uploads\/2024\/04\/simon-bachmann-300x0-c-default.jpg 1x, https:\/\/schillerlegal.ch\/wp-content\/uploads\/2024\/04\/simon-bachmann-600x0-c-default.jpg 2x\">\n\t<\/div>\n\t<div class=\"text\">\n\t\t<h5 class=\"title\">Simon Bachmann<\/h5>\n\t\t<div class=\"sub\">\n\t\t\t<div class=\"position\">Partner<\/div>\n\t\t\t<div class=\"arrow-icon\"><?xml version=\"1.0\" encoding=\"utf-8\"?>\n<!-- Generator: Adobe Illustrator 28.2.0, SVG Export Plug-In . SVG Version: 6.00 Build 0)  -->\n<svg version=\"1.1\" id=\"uuid-0d01a91a-173c-4929-a2a8-92feee4570de\"\n\t xmlns=\"http:\/\/www.w3.org\/2000\/svg\" xmlns:xlink=\"http:\/\/www.w3.org\/1999\/xlink\" x=\"0px\" y=\"0px\" viewBox=\"0 0 40.2 18\"\n\t style=\"enable-background:new 0 0 40.2 18;\" xml:space=\"preserve\">\n<g id=\"uuid-337baa6b-6f6e-46a6-ab3d-80cfea9952c5\">\n\t<path id=\"uuid-42a080c4-afe9-4bb8-80e1-1e35f5b11246\" d=\"M31.2,18l-1.7-1.7l6.1-6.1H0V7.8h35.6l-6.1-6.2L31.2,0l9,9L31.2,18\n\t\tL31.2,18z\"\/>\n<\/g>\n<\/svg>\n<\/div>\n\t\t<\/div>\n\t<\/div>\n\t<a class=\"link\" href=\"https:\/\/schillerlegal.ch\/en\/team-member\/simon-bachmann\/\">\n\t\t<span class=\"visually-hidden\">Go to article<\/span>\n\t<\/a>\n<\/article>\n        <\/div>\n            <\/div>\n<\/div>\n","protected":false},"excerpt":{"rendered":"<p>Mit der 8. juristischen Weiterbildungsveranstaltung von Schiller Rechtsanw\u00e4lte wollen wir einen \u00dcberblick \u00fcber aktuelle rechtliche Entwicklungen in verschiedenen Rechtsgebieten geben. Die Teilnehmerinnen und Teilnehmer sollen erfahren, was auf sie zukommt, und erkennen k\u00f6nnen, ob f\u00fcr sie Handlungsbedarf besteht. Von 17.00 bis 18.30 Uhr referieren Dorothee Auw\u00e4rter, Michael Hochstrasser, Andrea Frey und Simon Bachmann zu den [&hellip;]<\/p>\n","protected":false},"author":4,"featured_media":0,"comment_status":"closed","ping_status":"closed","sticky":false,"template":"","format":"standard","meta":{"_acf_changed":false,"footnotes":""},"categories":[1],"tags":[],"area-of-activity":[2],"class_list":["post-632","post","type-post","status-publish","format-standard","hentry","category-unkategorisiert","area-of-activity-wirtschafts-und-handelsrecht"],"acf":[],"yoast_head":"<!-- This site is optimized with the Yoast SEO plugin v27.3 - https:\/\/yoast.com\/product\/yoast-seo-wordpress\/ -->\n<title>Juristische Weiterbildungsveranstaltung am 31. Oktober 2022 &quot;Aktuelle Gesetzesentwicklungen&quot; - Schiller Rechtsanw\u00e4lte AG<\/title>\n<meta name=\"robots\" content=\"index, follow, max-snippet:-1, max-image-preview:large, max-video-preview:-1\" \/>\n<link rel=\"canonical\" href=\"https:\/\/schillerlegal.ch\/en\/juristische-weiterbildungsveranstaltung-am-31-oktober-2022-aktuelle-gesetzesentwicklungen\/\" \/>\n<meta property=\"og:locale\" content=\"en_US\" \/>\n<meta property=\"og:type\" content=\"article\" \/>\n<meta property=\"og:title\" content=\"Juristische Weiterbildungsveranstaltung am 31. Oktober 2022 &quot;Aktuelle Gesetzesentwicklungen&quot; - Schiller Rechtsanw\u00e4lte AG\" \/>\n<meta property=\"og:description\" content=\"Mit der 8. juristischen Weiterbildungsveranstaltung von Schiller Rechtsanw\u00e4lte wollen wir einen \u00dcberblick \u00fcber aktuelle rechtliche Entwicklungen in verschiedenen Rechtsgebieten geben. Die Teilnehmerinnen und Teilnehmer sollen erfahren, was auf sie zukommt, und erkennen k\u00f6nnen, ob f\u00fcr sie Handlungsbedarf besteht. Von 17.00 bis 18.30 Uhr referieren Dorothee Auw\u00e4rter, Michael Hochstrasser, Andrea Frey und Simon Bachmann zu den [&hellip;]\" \/>\n<meta property=\"og:url\" content=\"https:\/\/schillerlegal.ch\/en\/juristische-weiterbildungsveranstaltung-am-31-oktober-2022-aktuelle-gesetzesentwicklungen\/\" \/>\n<meta property=\"og:site_name\" content=\"Schiller Rechtsanw\u00e4lte AG\" \/>\n<meta property=\"article:published_time\" content=\"2022-09-26T10:01:00+00:00\" \/>\n<meta property=\"article:modified_time\" content=\"2024-06-07T09:18:23+00:00\" \/>\n<meta name=\"author\" content=\"pusparasa\" \/>\n<meta name=\"twitter:card\" content=\"summary_large_image\" \/>\n<meta name=\"twitter:label1\" content=\"Written by\" \/>\n\t<meta name=\"twitter:data1\" content=\"pusparasa\" \/>\n\t<meta name=\"twitter:label2\" content=\"Est. reading time\" \/>\n\t<meta name=\"twitter:data2\" content=\"1 minute\" \/>\n<script type=\"application\/ld+json\" class=\"yoast-schema-graph\">{\"@context\":\"https:\\\/\\\/schema.org\",\"@graph\":[{\"@type\":\"Article\",\"@id\":\"https:\\\/\\\/schillerlegal.ch\\\/en\\\/juristische-weiterbildungsveranstaltung-am-31-oktober-2022-aktuelle-gesetzesentwicklungen\\\/#article\",\"isPartOf\":{\"@id\":\"https:\\\/\\\/schillerlegal.ch\\\/en\\\/juristische-weiterbildungsveranstaltung-am-31-oktober-2022-aktuelle-gesetzesentwicklungen\\\/\"},\"author\":{\"name\":\"pusparasa\",\"@id\":\"https:\\\/\\\/schillerlegal.ch\\\/en\\\/#\\\/schema\\\/person\\\/86726a4d370a54cd2152caf17b64d98c\"},\"headline\":\"Juristische Weiterbildungsveranstaltung am 31. Oktober 2022 &#8220;Aktuelle Gesetzesentwicklungen&#8221;\",\"datePublished\":\"2022-09-26T10:01:00+00:00\",\"dateModified\":\"2024-06-07T09:18:23+00:00\",\"mainEntityOfPage\":{\"@id\":\"https:\\\/\\\/schillerlegal.ch\\\/en\\\/juristische-weiterbildungsveranstaltung-am-31-oktober-2022-aktuelle-gesetzesentwicklungen\\\/\"},\"wordCount\":109,\"articleSection\":[\"Unkategorisiert\"],\"inLanguage\":\"en-US\"},{\"@type\":\"WebPage\",\"@id\":\"https:\\\/\\\/schillerlegal.ch\\\/en\\\/juristische-weiterbildungsveranstaltung-am-31-oktober-2022-aktuelle-gesetzesentwicklungen\\\/\",\"url\":\"https:\\\/\\\/schillerlegal.ch\\\/en\\\/juristische-weiterbildungsveranstaltung-am-31-oktober-2022-aktuelle-gesetzesentwicklungen\\\/\",\"name\":\"Juristische Weiterbildungsveranstaltung am 31. Oktober 2022 \\\"Aktuelle Gesetzesentwicklungen\\\" - Schiller Rechtsanw\u00e4lte AG\",\"isPartOf\":{\"@id\":\"https:\\\/\\\/schillerlegal.ch\\\/en\\\/#website\"},\"datePublished\":\"2022-09-26T10:01:00+00:00\",\"dateModified\":\"2024-06-07T09:18:23+00:00\",\"author\":{\"@id\":\"https:\\\/\\\/schillerlegal.ch\\\/en\\\/#\\\/schema\\\/person\\\/86726a4d370a54cd2152caf17b64d98c\"},\"breadcrumb\":{\"@id\":\"https:\\\/\\\/schillerlegal.ch\\\/en\\\/juristische-weiterbildungsveranstaltung-am-31-oktober-2022-aktuelle-gesetzesentwicklungen\\\/#breadcrumb\"},\"inLanguage\":\"en-US\",\"potentialAction\":[{\"@type\":\"ReadAction\",\"target\":[\"https:\\\/\\\/schillerlegal.ch\\\/en\\\/juristische-weiterbildungsveranstaltung-am-31-oktober-2022-aktuelle-gesetzesentwicklungen\\\/\"]}]},{\"@type\":\"BreadcrumbList\",\"@id\":\"https:\\\/\\\/schillerlegal.ch\\\/en\\\/juristische-weiterbildungsveranstaltung-am-31-oktober-2022-aktuelle-gesetzesentwicklungen\\\/#breadcrumb\",\"itemListElement\":[{\"@type\":\"ListItem\",\"position\":1,\"name\":\"Startseite\",\"item\":\"https:\\\/\\\/schillerlegal.ch\\\/en\\\/\"},{\"@type\":\"ListItem\",\"position\":2,\"name\":\"Juristische Weiterbildungsveranstaltung am 31. Oktober 2022 &#8222;Aktuelle Gesetzesentwicklungen&#8220;\"}]},{\"@type\":\"WebSite\",\"@id\":\"https:\\\/\\\/schillerlegal.ch\\\/en\\\/#website\",\"url\":\"https:\\\/\\\/schillerlegal.ch\\\/en\\\/\",\"name\":\"Schiller Rechtsanw\u00e4lte AG\",\"description\":\"\",\"potentialAction\":[{\"@type\":\"SearchAction\",\"target\":{\"@type\":\"EntryPoint\",\"urlTemplate\":\"https:\\\/\\\/schillerlegal.ch\\\/en\\\/?s={search_term_string}\"},\"query-input\":{\"@type\":\"PropertyValueSpecification\",\"valueRequired\":true,\"valueName\":\"search_term_string\"}}],\"inLanguage\":\"en-US\"},{\"@type\":\"Person\",\"@id\":\"https:\\\/\\\/schillerlegal.ch\\\/en\\\/#\\\/schema\\\/person\\\/86726a4d370a54cd2152caf17b64d98c\",\"name\":\"pusparasa\",\"image\":{\"@type\":\"ImageObject\",\"inLanguage\":\"en-US\",\"@id\":\"https:\\\/\\\/secure.gravatar.com\\\/avatar\\\/e9f835021a048f6c442857ae71474ebb0556524367848367a10b076cec21d2ea?s=96&d=mm&r=g\",\"url\":\"https:\\\/\\\/secure.gravatar.com\\\/avatar\\\/e9f835021a048f6c442857ae71474ebb0556524367848367a10b076cec21d2ea?s=96&d=mm&r=g\",\"contentUrl\":\"https:\\\/\\\/secure.gravatar.com\\\/avatar\\\/e9f835021a048f6c442857ae71474ebb0556524367848367a10b076cec21d2ea?s=96&d=mm&r=g\",\"caption\":\"pusparasa\"},\"url\":\"https:\\\/\\\/schillerlegal.ch\\\/en\\\/author\\\/pusparasa\\\/\"}]}<\/script>\n<!-- \/ Yoast SEO plugin. -->","yoast_head_json":{"title":"Juristische Weiterbildungsveranstaltung am 31. Oktober 2022 \"Aktuelle Gesetzesentwicklungen\" - Schiller Rechtsanw\u00e4lte AG","robots":{"index":"index","follow":"follow","max-snippet":"max-snippet:-1","max-image-preview":"max-image-preview:large","max-video-preview":"max-video-preview:-1"},"canonical":"https:\/\/schillerlegal.ch\/en\/juristische-weiterbildungsveranstaltung-am-31-oktober-2022-aktuelle-gesetzesentwicklungen\/","og_locale":"en_US","og_type":"article","og_title":"Juristische Weiterbildungsveranstaltung am 31. Oktober 2022 \"Aktuelle Gesetzesentwicklungen\" - Schiller Rechtsanw\u00e4lte AG","og_description":"Mit der 8. juristischen Weiterbildungsveranstaltung von Schiller Rechtsanw\u00e4lte wollen wir einen \u00dcberblick \u00fcber aktuelle rechtliche Entwicklungen in verschiedenen Rechtsgebieten geben. Die Teilnehmerinnen und Teilnehmer sollen erfahren, was auf sie zukommt, und erkennen k\u00f6nnen, ob f\u00fcr sie Handlungsbedarf besteht. Von 17.00 bis 18.30 Uhr referieren Dorothee Auw\u00e4rter, Michael Hochstrasser, Andrea Frey und Simon Bachmann zu den [&hellip;]","og_url":"https:\/\/schillerlegal.ch\/en\/juristische-weiterbildungsveranstaltung-am-31-oktober-2022-aktuelle-gesetzesentwicklungen\/","og_site_name":"Schiller Rechtsanw\u00e4lte AG","article_published_time":"2022-09-26T10:01:00+00:00","article_modified_time":"2024-06-07T09:18:23+00:00","author":"pusparasa","twitter_card":"summary_large_image","twitter_misc":{"Written by":"pusparasa","Est. reading time":"1 minute"},"schema":{"@context":"https:\/\/schema.org","@graph":[{"@type":"Article","@id":"https:\/\/schillerlegal.ch\/en\/juristische-weiterbildungsveranstaltung-am-31-oktober-2022-aktuelle-gesetzesentwicklungen\/#article","isPartOf":{"@id":"https:\/\/schillerlegal.ch\/en\/juristische-weiterbildungsveranstaltung-am-31-oktober-2022-aktuelle-gesetzesentwicklungen\/"},"author":{"name":"pusparasa","@id":"https:\/\/schillerlegal.ch\/en\/#\/schema\/person\/86726a4d370a54cd2152caf17b64d98c"},"headline":"Juristische Weiterbildungsveranstaltung am 31. Oktober 2022 &#8220;Aktuelle Gesetzesentwicklungen&#8221;","datePublished":"2022-09-26T10:01:00+00:00","dateModified":"2024-06-07T09:18:23+00:00","mainEntityOfPage":{"@id":"https:\/\/schillerlegal.ch\/en\/juristische-weiterbildungsveranstaltung-am-31-oktober-2022-aktuelle-gesetzesentwicklungen\/"},"wordCount":109,"articleSection":["Unkategorisiert"],"inLanguage":"en-US"},{"@type":"WebPage","@id":"https:\/\/schillerlegal.ch\/en\/juristische-weiterbildungsveranstaltung-am-31-oktober-2022-aktuelle-gesetzesentwicklungen\/","url":"https:\/\/schillerlegal.ch\/en\/juristische-weiterbildungsveranstaltung-am-31-oktober-2022-aktuelle-gesetzesentwicklungen\/","name":"Juristische Weiterbildungsveranstaltung am 31. Oktober 2022 \"Aktuelle Gesetzesentwicklungen\" - Schiller Rechtsanw\u00e4lte AG","isPartOf":{"@id":"https:\/\/schillerlegal.ch\/en\/#website"},"datePublished":"2022-09-26T10:01:00+00:00","dateModified":"2024-06-07T09:18:23+00:00","author":{"@id":"https:\/\/schillerlegal.ch\/en\/#\/schema\/person\/86726a4d370a54cd2152caf17b64d98c"},"breadcrumb":{"@id":"https:\/\/schillerlegal.ch\/en\/juristische-weiterbildungsveranstaltung-am-31-oktober-2022-aktuelle-gesetzesentwicklungen\/#breadcrumb"},"inLanguage":"en-US","potentialAction":[{"@type":"ReadAction","target":["https:\/\/schillerlegal.ch\/en\/juristische-weiterbildungsveranstaltung-am-31-oktober-2022-aktuelle-gesetzesentwicklungen\/"]}]},{"@type":"BreadcrumbList","@id":"https:\/\/schillerlegal.ch\/en\/juristische-weiterbildungsveranstaltung-am-31-oktober-2022-aktuelle-gesetzesentwicklungen\/#breadcrumb","itemListElement":[{"@type":"ListItem","position":1,"name":"Startseite","item":"https:\/\/schillerlegal.ch\/en\/"},{"@type":"ListItem","position":2,"name":"Juristische Weiterbildungsveranstaltung am 31. Oktober 2022 &#8222;Aktuelle Gesetzesentwicklungen&#8220;"}]},{"@type":"WebSite","@id":"https:\/\/schillerlegal.ch\/en\/#website","url":"https:\/\/schillerlegal.ch\/en\/","name":"Schiller Rechtsanw\u00e4lte AG","description":"","potentialAction":[{"@type":"SearchAction","target":{"@type":"EntryPoint","urlTemplate":"https:\/\/schillerlegal.ch\/en\/?s={search_term_string}"},"query-input":{"@type":"PropertyValueSpecification","valueRequired":true,"valueName":"search_term_string"}}],"inLanguage":"en-US"},{"@type":"Person","@id":"https:\/\/schillerlegal.ch\/en\/#\/schema\/person\/86726a4d370a54cd2152caf17b64d98c","name":"pusparasa","image":{"@type":"ImageObject","inLanguage":"en-US","@id":"https:\/\/secure.gravatar.com\/avatar\/e9f835021a048f6c442857ae71474ebb0556524367848367a10b076cec21d2ea?s=96&d=mm&r=g","url":"https:\/\/secure.gravatar.com\/avatar\/e9f835021a048f6c442857ae71474ebb0556524367848367a10b076cec21d2ea?s=96&d=mm&r=g","contentUrl":"https:\/\/secure.gravatar.com\/avatar\/e9f835021a048f6c442857ae71474ebb0556524367848367a10b076cec21d2ea?s=96&d=mm&r=g","caption":"pusparasa"},"url":"https:\/\/schillerlegal.ch\/en\/author\/pusparasa\/"}]}},"_links":{"self":[{"href":"https:\/\/schillerlegal.ch\/en\/wp-json\/wp\/v2\/posts\/632","targetHints":{"allow":["GET"]}}],"collection":[{"href":"https:\/\/schillerlegal.ch\/en\/wp-json\/wp\/v2\/posts"}],"about":[{"href":"https:\/\/schillerlegal.ch\/en\/wp-json\/wp\/v2\/types\/post"}],"author":[{"embeddable":true,"href":"https:\/\/schillerlegal.ch\/en\/wp-json\/wp\/v2\/users\/4"}],"replies":[{"embeddable":true,"href":"https:\/\/schillerlegal.ch\/en\/wp-json\/wp\/v2\/comments?post=632"}],"version-history":[{"count":3,"href":"https:\/\/schillerlegal.ch\/en\/wp-json\/wp\/v2\/posts\/632\/revisions"}],"predecessor-version":[{"id":795,"href":"https:\/\/schillerlegal.ch\/en\/wp-json\/wp\/v2\/posts\/632\/revisions\/795"}],"wp:attachment":[{"href":"https:\/\/schillerlegal.ch\/en\/wp-json\/wp\/v2\/media?parent=632"}],"wp:term":[{"taxonomy":"category","embeddable":true,"href":"https:\/\/schillerlegal.ch\/en\/wp-json\/wp\/v2\/categories?post=632"},{"taxonomy":"post_tag","embeddable":true,"href":"https:\/\/schillerlegal.ch\/en\/wp-json\/wp\/v2\/tags?post=632"},{"taxonomy":"area-of-activity","embeddable":true,"href":"https:\/\/schillerlegal.ch\/en\/wp-json\/wp\/v2\/area-of-activity?post=632"}],"curies":[{"name":"wp","href":"https:\/\/api.w.org\/{rel}","templated":true}]}}