{"id":589,"date":"2019-12-02T12:01:00","date_gmt":"2019-12-02T11:01:00","guid":{"rendered":"https:\/\/schiller.site-preview.ch\/?p=589"},"modified":"2024-06-07T11:58:20","modified_gmt":"2024-06-07T09:58:20","slug":"revision-des-verjaehrungsrechts","status":"publish","type":"post","link":"https:\/\/schillerlegal.ch\/en\/revision-des-verjaehrungsrechts\/","title":{"rendered":"Revision des Verj\u00e4hrungsrechts"},"content":{"rendered":"\n<p>Das schweizerische Verj\u00e4hrungsrecht wird revidiert. Am 1. Januar 2020 treten die neuen Bestimmungen in Kraft. Mit der Revision werden die Verj\u00e4hrungsfristen vereinheitlicht und zum Teil verl\u00e4ngert. Grunds\u00e4tzlich betr\u00e4gt die Verj\u00e4hrungsfrist neu mindestens drei Jahre. Die wichtigsten Neuerungen sind die folgenden:<\/p>\n\n\n\n<p>Die relative Verj\u00e4hrungsfrist f\u00fcr Anspr\u00fcche aus Deliktsrecht (unerlaubte Handlung, Werkeigent\u00fcmerhaftung etc.) oder Bereicherungsrecht wird von einem auf drei Jahre verl\u00e4ngert. Bei Personensch\u00e4den wird die absolute Verj\u00e4hrungsfrist von 10 auf 20 Jahre verl\u00e4ngert, um die Geltendmachung von Sp\u00e4tsch\u00e4den (z.B. Asbest) zu erleichtern. Hat die ersatzpflichtige Person durch ihr sch\u00e4digendes Verhalten einen Straftatbestand erf\u00fcllt, gilt die l\u00e4ngere strafrechtliche Verj\u00e4hrungsfrist weiterhin auch f\u00fcr die privatrechtlichen Anspr\u00fcche.<\/p>\n\n\n\n<p>Vertragliche Anspr\u00fcche verj\u00e4hren auch k\u00fcnftig grunds\u00e4tzlich in zehn Jahren. Wird durch eine vertragswidrige Sch\u00e4digung eine Person verletzt oder get\u00f6tet, gilt neu aber (wie bei der Haftung aus unerlaubter Handlung) eine dreij\u00e4hrige Verj\u00e4hrungsfrist ab dem Tag, an dem der Gesch\u00e4digte Kenntnis vom Schaden erlangt, und eine 20-j\u00e4hrige Frist ab dem Tag des sch\u00e4digenden Verhaltens.<\/p>\n\n\n\n<p>Haften mehrere Schuldner solidarisch und befriedigt ein Schuldner den Gl\u00e4ubiger, kann er auf die Mitschuldner Regress nehmen. Neu bestimmt das Gesetz ausdr\u00fccklich, dass der Regressanspruch mit Ablauf von drei Jahren verj\u00e4hrt, ab dem Tag, an dem der Schuldner den Gl\u00e4ubiger befriedigt hat und den oder die Mitschuldner kennt.<\/p>\n\n\n\n<p>Der Schuldner kann wie nach dem bisherigen Recht auf die Erhebung der Verj\u00e4hrungseinrede verzichten. Neu muss der Verj\u00e4hrungsverzicht aber schriftlich erfolgen. Zudem ist ein Verzicht nicht mehr ab dem Vertragsabschluss m\u00f6glich, sondern erst ab dem Beginn der Verj\u00e4hrung. Ein Verzicht ist h\u00f6chstens f\u00fcr zehn Jahre m\u00f6glich, doch kann er f\u00fcr weitere Perioden von h\u00f6chstens zehn Jahren erneuert werden.<\/p>\n\n\n\n<p>\u00dcbergangsrechtlich sind die neuen Verj\u00e4hrungsfristen anwendbar, wenn das neue Recht eine l\u00e4ngere Frist als das bisherige Recht vorsieht, ausser die Verj\u00e4hrung ist nach bisherigem Recht schon eingetreten. D.h. ein Anspruch aus einer unerlaubten Handlung, begangen am 1. M\u00e4rz 2019, der nach bisherigem Recht am 1. M\u00e4rz 2020 verj\u00e4hren w\u00fcrde, verj\u00e4hrt neu am 1. M\u00e4rz 2022; ein Anspruch aus einer unerlaubten Handlung, begangen am 1. Dezember 2018, ist am 1. Dezember 2019 verj\u00e4hrt und bleibt mit Inkrafttreten der revidierten Bestimmungen verj\u00e4hrt.<\/p>\n\n\n\n<h2 class=\"wp-block-heading\">Autor<\/h2>\n\n\n<div class=\"indy-block-people\">\n  <div class=\"row\">\n                  <div class=\"person col-md-6 col-lg-4 col-xl-3\">\n          <article class=\"tease tease-team-member\" id=\"tease-1062\">\n\t\t\t<div class=\"portrait\">\n\t\t<img decoding=\"async\" src=\"https:\/\/schillerlegal.ch\/wp-content\/uploads\/2024\/06\/cropped_0028_DSC02042-300x0-c-default.jpg\" srcset=\"https:\/\/schillerlegal.ch\/wp-content\/uploads\/2024\/06\/cropped_0028_DSC02042-300x0-c-default.jpg 1x, https:\/\/schillerlegal.ch\/wp-content\/uploads\/2024\/06\/cropped_0028_DSC02042-600x0-c-default.jpg 2x\">\n\t<\/div>\n\t<div class=\"text\">\n\t\t<h5 class=\"title\">Daniel Maritz<\/h5>\n\t\t<div class=\"sub\">\n\t\t\t<div class=\"position\">Partner<\/div>\n\t\t\t<div class=\"arrow-icon\"><?xml version=\"1.0\" encoding=\"utf-8\"?>\n<!-- Generator: Adobe Illustrator 28.2.0, SVG Export Plug-In . SVG Version: 6.00 Build 0)  -->\n<svg version=\"1.1\" id=\"uuid-0d01a91a-173c-4929-a2a8-92feee4570de\"\n\t xmlns=\"http:\/\/www.w3.org\/2000\/svg\" xmlns:xlink=\"http:\/\/www.w3.org\/1999\/xlink\" x=\"0px\" y=\"0px\" viewBox=\"0 0 40.2 18\"\n\t style=\"enable-background:new 0 0 40.2 18;\" xml:space=\"preserve\">\n<g id=\"uuid-337baa6b-6f6e-46a6-ab3d-80cfea9952c5\">\n\t<path id=\"uuid-42a080c4-afe9-4bb8-80e1-1e35f5b11246\" d=\"M31.2,18l-1.7-1.7l6.1-6.1H0V7.8h35.6l-6.1-6.2L31.2,0l9,9L31.2,18\n\t\tL31.2,18z\"\/>\n<\/g>\n<\/svg>\n<\/div>\n\t\t<\/div>\n\t<\/div>\n\t<a class=\"link\" href=\"https:\/\/schillerlegal.ch\/en\/team-member\/daniel-maritz\/\">\n\t\t<span class=\"visually-hidden\">Go to article<\/span>\n\t<\/a>\n<\/article>\n        <\/div>\n            <\/div>\n<\/div>\n","protected":false},"excerpt":{"rendered":"<p>Das schweizerische Verj\u00e4hrungsrecht wird revidiert. Am 1. Januar 2020 treten die neuen Bestimmungen in Kraft. Mit der Revision werden die Verj\u00e4hrungsfristen vereinheitlicht und zum Teil verl\u00e4ngert. Grunds\u00e4tzlich betr\u00e4gt die Verj\u00e4hrungsfrist neu mindestens drei Jahre. Die wichtigsten Neuerungen sind die folgenden: Die relative Verj\u00e4hrungsfrist f\u00fcr Anspr\u00fcche aus Deliktsrecht (unerlaubte Handlung, Werkeigent\u00fcmerhaftung etc.) oder Bereicherungsrecht wird von [&hellip;]<\/p>\n","protected":false},"author":4,"featured_media":0,"comment_status":"closed","ping_status":"closed","sticky":false,"template":"","format":"standard","meta":{"_acf_changed":false,"footnotes":""},"categories":[1],"tags":[],"area-of-activity":[3],"class_list":["post-589","post","type-post","status-publish","format-standard","hentry","category-unkategorisiert","area-of-activity-vertragsrecht"],"acf":[],"yoast_head":"<!-- This site is optimized with the Yoast SEO plugin v27.3 - https:\/\/yoast.com\/product\/yoast-seo-wordpress\/ -->\n<title>Revision des Verj\u00e4hrungsrechts - Schiller Rechtsanw\u00e4lte AG<\/title>\n<meta name=\"robots\" content=\"index, follow, max-snippet:-1, max-image-preview:large, max-video-preview:-1\" \/>\n<link rel=\"canonical\" href=\"https:\/\/schillerlegal.ch\/en\/revision-des-verjaehrungsrechts\/\" \/>\n<meta property=\"og:locale\" content=\"en_US\" \/>\n<meta property=\"og:type\" content=\"article\" \/>\n<meta property=\"og:title\" content=\"Revision des Verj\u00e4hrungsrechts - Schiller Rechtsanw\u00e4lte AG\" \/>\n<meta property=\"og:description\" content=\"Das schweizerische Verj\u00e4hrungsrecht wird revidiert. Am 1. Januar 2020 treten die neuen Bestimmungen in Kraft. Mit der Revision werden die Verj\u00e4hrungsfristen vereinheitlicht und zum Teil verl\u00e4ngert. Grunds\u00e4tzlich betr\u00e4gt die Verj\u00e4hrungsfrist neu mindestens drei Jahre. Die wichtigsten Neuerungen sind die folgenden: Die relative Verj\u00e4hrungsfrist f\u00fcr Anspr\u00fcche aus Deliktsrecht (unerlaubte Handlung, Werkeigent\u00fcmerhaftung etc.) oder Bereicherungsrecht wird von [&hellip;]\" \/>\n<meta property=\"og:url\" content=\"https:\/\/schillerlegal.ch\/en\/revision-des-verjaehrungsrechts\/\" \/>\n<meta property=\"og:site_name\" content=\"Schiller Rechtsanw\u00e4lte AG\" \/>\n<meta property=\"article:published_time\" content=\"2019-12-02T11:01:00+00:00\" \/>\n<meta property=\"article:modified_time\" content=\"2024-06-07T09:58:20+00:00\" \/>\n<meta name=\"author\" content=\"pusparasa\" \/>\n<meta name=\"twitter:card\" content=\"summary_large_image\" \/>\n<meta name=\"twitter:label1\" content=\"Written by\" \/>\n\t<meta name=\"twitter:data1\" content=\"pusparasa\" \/>\n\t<meta name=\"twitter:label2\" content=\"Est. reading time\" \/>\n\t<meta name=\"twitter:data2\" content=\"2 minutes\" \/>\n<script type=\"application\/ld+json\" class=\"yoast-schema-graph\">{\"@context\":\"https:\\\/\\\/schema.org\",\"@graph\":[{\"@type\":\"Article\",\"@id\":\"https:\\\/\\\/schillerlegal.ch\\\/en\\\/revision-des-verjaehrungsrechts\\\/#article\",\"isPartOf\":{\"@id\":\"https:\\\/\\\/schillerlegal.ch\\\/en\\\/revision-des-verjaehrungsrechts\\\/\"},\"author\":{\"name\":\"pusparasa\",\"@id\":\"https:\\\/\\\/schillerlegal.ch\\\/en\\\/#\\\/schema\\\/person\\\/86726a4d370a54cd2152caf17b64d98c\"},\"headline\":\"Revision des Verj\u00e4hrungsrechts\",\"datePublished\":\"2019-12-02T11:01:00+00:00\",\"dateModified\":\"2024-06-07T09:58:20+00:00\",\"mainEntityOfPage\":{\"@id\":\"https:\\\/\\\/schillerlegal.ch\\\/en\\\/revision-des-verjaehrungsrechts\\\/\"},\"wordCount\":392,\"articleSection\":[\"Unkategorisiert\"],\"inLanguage\":\"en-US\"},{\"@type\":\"WebPage\",\"@id\":\"https:\\\/\\\/schillerlegal.ch\\\/en\\\/revision-des-verjaehrungsrechts\\\/\",\"url\":\"https:\\\/\\\/schillerlegal.ch\\\/en\\\/revision-des-verjaehrungsrechts\\\/\",\"name\":\"Revision des Verj\u00e4hrungsrechts - Schiller Rechtsanw\u00e4lte AG\",\"isPartOf\":{\"@id\":\"https:\\\/\\\/schillerlegal.ch\\\/en\\\/#website\"},\"datePublished\":\"2019-12-02T11:01:00+00:00\",\"dateModified\":\"2024-06-07T09:58:20+00:00\",\"author\":{\"@id\":\"https:\\\/\\\/schillerlegal.ch\\\/en\\\/#\\\/schema\\\/person\\\/86726a4d370a54cd2152caf17b64d98c\"},\"breadcrumb\":{\"@id\":\"https:\\\/\\\/schillerlegal.ch\\\/en\\\/revision-des-verjaehrungsrechts\\\/#breadcrumb\"},\"inLanguage\":\"en-US\",\"potentialAction\":[{\"@type\":\"ReadAction\",\"target\":[\"https:\\\/\\\/schillerlegal.ch\\\/en\\\/revision-des-verjaehrungsrechts\\\/\"]}]},{\"@type\":\"BreadcrumbList\",\"@id\":\"https:\\\/\\\/schillerlegal.ch\\\/en\\\/revision-des-verjaehrungsrechts\\\/#breadcrumb\",\"itemListElement\":[{\"@type\":\"ListItem\",\"position\":1,\"name\":\"Startseite\",\"item\":\"https:\\\/\\\/schillerlegal.ch\\\/en\\\/\"},{\"@type\":\"ListItem\",\"position\":2,\"name\":\"Revision des Verj\u00e4hrungsrechts\"}]},{\"@type\":\"WebSite\",\"@id\":\"https:\\\/\\\/schillerlegal.ch\\\/en\\\/#website\",\"url\":\"https:\\\/\\\/schillerlegal.ch\\\/en\\\/\",\"name\":\"Schiller Rechtsanw\u00e4lte AG\",\"description\":\"\",\"potentialAction\":[{\"@type\":\"SearchAction\",\"target\":{\"@type\":\"EntryPoint\",\"urlTemplate\":\"https:\\\/\\\/schillerlegal.ch\\\/en\\\/?s={search_term_string}\"},\"query-input\":{\"@type\":\"PropertyValueSpecification\",\"valueRequired\":true,\"valueName\":\"search_term_string\"}}],\"inLanguage\":\"en-US\"},{\"@type\":\"Person\",\"@id\":\"https:\\\/\\\/schillerlegal.ch\\\/en\\\/#\\\/schema\\\/person\\\/86726a4d370a54cd2152caf17b64d98c\",\"name\":\"pusparasa\",\"image\":{\"@type\":\"ImageObject\",\"inLanguage\":\"en-US\",\"@id\":\"https:\\\/\\\/secure.gravatar.com\\\/avatar\\\/e9f835021a048f6c442857ae71474ebb0556524367848367a10b076cec21d2ea?s=96&d=mm&r=g\",\"url\":\"https:\\\/\\\/secure.gravatar.com\\\/avatar\\\/e9f835021a048f6c442857ae71474ebb0556524367848367a10b076cec21d2ea?s=96&d=mm&r=g\",\"contentUrl\":\"https:\\\/\\\/secure.gravatar.com\\\/avatar\\\/e9f835021a048f6c442857ae71474ebb0556524367848367a10b076cec21d2ea?s=96&d=mm&r=g\",\"caption\":\"pusparasa\"},\"url\":\"https:\\\/\\\/schillerlegal.ch\\\/en\\\/author\\\/pusparasa\\\/\"}]}<\/script>\n<!-- \/ Yoast SEO plugin. -->","yoast_head_json":{"title":"Revision des Verj\u00e4hrungsrechts - Schiller Rechtsanw\u00e4lte AG","robots":{"index":"index","follow":"follow","max-snippet":"max-snippet:-1","max-image-preview":"max-image-preview:large","max-video-preview":"max-video-preview:-1"},"canonical":"https:\/\/schillerlegal.ch\/en\/revision-des-verjaehrungsrechts\/","og_locale":"en_US","og_type":"article","og_title":"Revision des Verj\u00e4hrungsrechts - Schiller Rechtsanw\u00e4lte AG","og_description":"Das schweizerische Verj\u00e4hrungsrecht wird revidiert. Am 1. Januar 2020 treten die neuen Bestimmungen in Kraft. Mit der Revision werden die Verj\u00e4hrungsfristen vereinheitlicht und zum Teil verl\u00e4ngert. Grunds\u00e4tzlich betr\u00e4gt die Verj\u00e4hrungsfrist neu mindestens drei Jahre. Die wichtigsten Neuerungen sind die folgenden: Die relative Verj\u00e4hrungsfrist f\u00fcr Anspr\u00fcche aus Deliktsrecht (unerlaubte Handlung, Werkeigent\u00fcmerhaftung etc.) oder Bereicherungsrecht wird von [&hellip;]","og_url":"https:\/\/schillerlegal.ch\/en\/revision-des-verjaehrungsrechts\/","og_site_name":"Schiller Rechtsanw\u00e4lte AG","article_published_time":"2019-12-02T11:01:00+00:00","article_modified_time":"2024-06-07T09:58:20+00:00","author":"pusparasa","twitter_card":"summary_large_image","twitter_misc":{"Written by":"pusparasa","Est. reading time":"2 minutes"},"schema":{"@context":"https:\/\/schema.org","@graph":[{"@type":"Article","@id":"https:\/\/schillerlegal.ch\/en\/revision-des-verjaehrungsrechts\/#article","isPartOf":{"@id":"https:\/\/schillerlegal.ch\/en\/revision-des-verjaehrungsrechts\/"},"author":{"name":"pusparasa","@id":"https:\/\/schillerlegal.ch\/en\/#\/schema\/person\/86726a4d370a54cd2152caf17b64d98c"},"headline":"Revision des Verj\u00e4hrungsrechts","datePublished":"2019-12-02T11:01:00+00:00","dateModified":"2024-06-07T09:58:20+00:00","mainEntityOfPage":{"@id":"https:\/\/schillerlegal.ch\/en\/revision-des-verjaehrungsrechts\/"},"wordCount":392,"articleSection":["Unkategorisiert"],"inLanguage":"en-US"},{"@type":"WebPage","@id":"https:\/\/schillerlegal.ch\/en\/revision-des-verjaehrungsrechts\/","url":"https:\/\/schillerlegal.ch\/en\/revision-des-verjaehrungsrechts\/","name":"Revision des Verj\u00e4hrungsrechts - Schiller Rechtsanw\u00e4lte AG","isPartOf":{"@id":"https:\/\/schillerlegal.ch\/en\/#website"},"datePublished":"2019-12-02T11:01:00+00:00","dateModified":"2024-06-07T09:58:20+00:00","author":{"@id":"https:\/\/schillerlegal.ch\/en\/#\/schema\/person\/86726a4d370a54cd2152caf17b64d98c"},"breadcrumb":{"@id":"https:\/\/schillerlegal.ch\/en\/revision-des-verjaehrungsrechts\/#breadcrumb"},"inLanguage":"en-US","potentialAction":[{"@type":"ReadAction","target":["https:\/\/schillerlegal.ch\/en\/revision-des-verjaehrungsrechts\/"]}]},{"@type":"BreadcrumbList","@id":"https:\/\/schillerlegal.ch\/en\/revision-des-verjaehrungsrechts\/#breadcrumb","itemListElement":[{"@type":"ListItem","position":1,"name":"Startseite","item":"https:\/\/schillerlegal.ch\/en\/"},{"@type":"ListItem","position":2,"name":"Revision des Verj\u00e4hrungsrechts"}]},{"@type":"WebSite","@id":"https:\/\/schillerlegal.ch\/en\/#website","url":"https:\/\/schillerlegal.ch\/en\/","name":"Schiller Rechtsanw\u00e4lte AG","description":"","potentialAction":[{"@type":"SearchAction","target":{"@type":"EntryPoint","urlTemplate":"https:\/\/schillerlegal.ch\/en\/?s={search_term_string}"},"query-input":{"@type":"PropertyValueSpecification","valueRequired":true,"valueName":"search_term_string"}}],"inLanguage":"en-US"},{"@type":"Person","@id":"https:\/\/schillerlegal.ch\/en\/#\/schema\/person\/86726a4d370a54cd2152caf17b64d98c","name":"pusparasa","image":{"@type":"ImageObject","inLanguage":"en-US","@id":"https:\/\/secure.gravatar.com\/avatar\/e9f835021a048f6c442857ae71474ebb0556524367848367a10b076cec21d2ea?s=96&d=mm&r=g","url":"https:\/\/secure.gravatar.com\/avatar\/e9f835021a048f6c442857ae71474ebb0556524367848367a10b076cec21d2ea?s=96&d=mm&r=g","contentUrl":"https:\/\/secure.gravatar.com\/avatar\/e9f835021a048f6c442857ae71474ebb0556524367848367a10b076cec21d2ea?s=96&d=mm&r=g","caption":"pusparasa"},"url":"https:\/\/schillerlegal.ch\/en\/author\/pusparasa\/"}]}},"_links":{"self":[{"href":"https:\/\/schillerlegal.ch\/en\/wp-json\/wp\/v2\/posts\/589","targetHints":{"allow":["GET"]}}],"collection":[{"href":"https:\/\/schillerlegal.ch\/en\/wp-json\/wp\/v2\/posts"}],"about":[{"href":"https:\/\/schillerlegal.ch\/en\/wp-json\/wp\/v2\/types\/post"}],"author":[{"embeddable":true,"href":"https:\/\/schillerlegal.ch\/en\/wp-json\/wp\/v2\/users\/4"}],"replies":[{"embeddable":true,"href":"https:\/\/schillerlegal.ch\/en\/wp-json\/wp\/v2\/comments?post=589"}],"version-history":[{"count":2,"href":"https:\/\/schillerlegal.ch\/en\/wp-json\/wp\/v2\/posts\/589\/revisions"}],"predecessor-version":[{"id":819,"href":"https:\/\/schillerlegal.ch\/en\/wp-json\/wp\/v2\/posts\/589\/revisions\/819"}],"wp:attachment":[{"href":"https:\/\/schillerlegal.ch\/en\/wp-json\/wp\/v2\/media?parent=589"}],"wp:term":[{"taxonomy":"category","embeddable":true,"href":"https:\/\/schillerlegal.ch\/en\/wp-json\/wp\/v2\/categories?post=589"},{"taxonomy":"post_tag","embeddable":true,"href":"https:\/\/schillerlegal.ch\/en\/wp-json\/wp\/v2\/tags?post=589"},{"taxonomy":"area-of-activity","embeddable":true,"href":"https:\/\/schillerlegal.ch\/en\/wp-json\/wp\/v2\/area-of-activity?post=589"}],"curies":[{"name":"wp","href":"https:\/\/api.w.org\/{rel}","templated":true}]}}