{"id":555,"date":"2018-04-13T12:01:00","date_gmt":"2018-04-13T10:01:00","guid":{"rendered":"https:\/\/schiller.site-preview.ch\/?p=555"},"modified":"2024-06-10T16:26:10","modified_gmt":"2024-06-10T14:26:10","slug":"brexit-und-die-schweiz","status":"publish","type":"post","link":"https:\/\/schillerlegal.ch\/en\/brexit-und-die-schweiz\/","title":{"rendered":"Brexit und die Schweiz"},"content":{"rendered":"\n<p>Der Brexit betrifft nicht nur Grossbritannien und die EU, sondern auch die Schweiz. Schweizerische Unternehmen, die Gesch\u00e4ftsbeziehungen mit britischen Unternehmen unterhalten oder britische Produkte verwenden, sind gut beraten, sich bereits heute auf die m\u00f6glichen Austrittsszenarien vorzubereiten.<\/p>\n\n\n\n<p>Sollte der Brexit &#8220;weich&#8221; ausfallen und Grossbritannien k\u00fcnftig einen \u00e4hnlichen Status wie die Schweiz oder die EWR-Staaten haben, wird sich an den Beziehungen zwischen der Schweiz und Grossbritannien vor\u00adaussichtlich nicht viel \u00e4ndern. F\u00e4llt der Brexit dagegen &#8220;hart&#8221; aus, hat dies erhebliche Auswirkungen auf die Wirtschaftsbeziehungen zwischen der Schweiz und Grossbritannien. Grossbritannien wird dann ein Drittstaat wie jeder andere sein. Produkte aus Grossbritannien sind dann keine EU-Produkte mehr, sondern Produkte aus einem Drittstaat. Britische Dienstleister und Hersteller verf\u00fcgen wom\u00f6glich nicht mehr \u00fcber die notwendigen EU-Zertifizierungen, k\u00f6nnen nicht mehr ohne Weiteres in der Schweiz anerkannt werden und kommen auch nicht mehr ohne Weiteres in den Genuss der Dienstleistungsfreiheit. Umgekehrt k\u00f6nnen schweizerische Produzenten und Dienstleister nicht davon ausgehen, dass ihre Produkte und Leistungen wie bisher ohne Weiteres nach Grossbritannien geliefert werden k\u00f6nnen. Selbst Unternehmen, die keine direkten Gesch\u00e4ftsbeziehungen zu Grossbritannien unterhalten, k\u00f6nnen betroffen sein, etwa wenn ihre Produkte Bestandteile von nach Grossbritannien exportierten Produkten sind oder die von ihnen importierten Produkte britische Bestandteile enthalten.<\/p>\n\n\n\n<p>Es darf davon ausgegangen werden, dass die schweizerische Regierung versuchen wird, mit Grossbritannien staatsvertragliche L\u00f6sungen zu finden. Inwieweit dies gelingen wird, ist jedoch offen. Unklar ist, inwieweit die bilateralen Vertr\u00e4ge CH\/EU die Schweiz bei solchen Vertragsschl\u00fcssen einschr\u00e4nken. Noch nicht gekl\u00e4rt ist auch, ob \u00e4ltere Staatsvertr\u00e4ge mit Grossbritannien, die aufgrund der bilateralen Vertr\u00e4ge CH\/EU nicht mehr angewendet wurden, wieder ihre Wirkungen entfalten. Es empfiehlt sich, die k\u00fcnftigen Entwicklungen und Diskussionen aufmerksam zu verfolgen. Unternehmen, bei denen das Grossbritannien-Gesch\u00e4ft einen erheblichen Teil des Umsatzes ausmacht, sollten die rechtlichen Implikationen vertieft pr\u00fcfen.<\/p>\n\n\n\n<h2 class=\"wp-block-heading\">Autor<\/h2>\n\n\n<div class=\"indy-block-people\">\n  <div class=\"row\">\n                  <div class=\"person col-md-6 col-lg-4 col-xl-3\">\n          <article class=\"tease tease-team-member\" id=\"tease-1044\">\n\t\t\t<div class=\"portrait\">\n\t\t<img decoding=\"async\" src=\"https:\/\/schillerlegal.ch\/wp-content\/uploads\/2024\/05\/cropped_0031_DSC02000-300x0-c-default.jpg\" srcset=\"https:\/\/schillerlegal.ch\/wp-content\/uploads\/2024\/05\/cropped_0031_DSC02000-300x0-c-default.jpg 1x, https:\/\/schillerlegal.ch\/wp-content\/uploads\/2024\/05\/cropped_0031_DSC02000-600x0-c-default.jpg 2x\">\n\t<\/div>\n\t<div class=\"text\">\n\t\t<h5 class=\"title\">Heinrich Hempel<\/h5>\n\t\t<div class=\"sub\">\n\t\t\t<div class=\"position\">Partner<\/div>\n\t\t\t<div class=\"arrow-icon\"><?xml version=\"1.0\" encoding=\"utf-8\"?>\n<!-- Generator: Adobe Illustrator 28.2.0, SVG Export Plug-In . SVG Version: 6.00 Build 0)  -->\n<svg version=\"1.1\" id=\"uuid-0d01a91a-173c-4929-a2a8-92feee4570de\"\n\t xmlns=\"http:\/\/www.w3.org\/2000\/svg\" xmlns:xlink=\"http:\/\/www.w3.org\/1999\/xlink\" x=\"0px\" y=\"0px\" viewBox=\"0 0 40.2 18\"\n\t style=\"enable-background:new 0 0 40.2 18;\" xml:space=\"preserve\">\n<g id=\"uuid-337baa6b-6f6e-46a6-ab3d-80cfea9952c5\">\n\t<path id=\"uuid-42a080c4-afe9-4bb8-80e1-1e35f5b11246\" d=\"M31.2,18l-1.7-1.7l6.1-6.1H0V7.8h35.6l-6.1-6.2L31.2,0l9,9L31.2,18\n\t\tL31.2,18z\"\/>\n<\/g>\n<\/svg>\n<\/div>\n\t\t<\/div>\n\t<\/div>\n\t<a class=\"link\" href=\"https:\/\/schillerlegal.ch\/en\/team-member\/heinrich-hempel\/\">\n\t\t<span class=\"visually-hidden\">Go to article<\/span>\n\t<\/a>\n<\/article>\n        <\/div>\n            <\/div>\n<\/div>\n","protected":false},"excerpt":{"rendered":"<p>Der Brexit betrifft nicht nur Grossbritannien und die EU, sondern auch die Schweiz. Schweizerische Unternehmen, die Gesch\u00e4ftsbeziehungen mit britischen Unternehmen unterhalten oder britische Produkte verwenden, sind gut beraten, sich bereits heute auf die m\u00f6glichen Austrittsszenarien vorzubereiten. Sollte der Brexit &#8220;weich&#8221; ausfallen und Grossbritannien k\u00fcnftig einen \u00e4hnlichen Status wie die Schweiz oder die EWR-Staaten haben, wird [&hellip;]<\/p>\n","protected":false},"author":4,"featured_media":0,"comment_status":"closed","ping_status":"closed","sticky":false,"template":"","format":"standard","meta":{"_acf_changed":false,"footnotes":""},"categories":[1],"tags":[],"area-of-activity":[2],"class_list":["post-555","post","type-post","status-publish","format-standard","hentry","category-unkategorisiert","area-of-activity-wirtschafts-und-handelsrecht"],"acf":[],"yoast_head":"<!-- This site is optimized with the Yoast SEO plugin v27.3 - https:\/\/yoast.com\/product\/yoast-seo-wordpress\/ -->\n<title>Brexit und die Schweiz - Schiller Rechtsanw\u00e4lte AG<\/title>\n<meta name=\"robots\" content=\"index, follow, max-snippet:-1, max-image-preview:large, max-video-preview:-1\" \/>\n<link rel=\"canonical\" href=\"https:\/\/schillerlegal.ch\/en\/brexit-und-die-schweiz\/\" \/>\n<meta property=\"og:locale\" content=\"en_US\" \/>\n<meta property=\"og:type\" content=\"article\" \/>\n<meta property=\"og:title\" content=\"Brexit und die Schweiz - Schiller Rechtsanw\u00e4lte AG\" \/>\n<meta property=\"og:description\" content=\"Der Brexit betrifft nicht nur Grossbritannien und die EU, sondern auch die Schweiz. Schweizerische Unternehmen, die Gesch\u00e4ftsbeziehungen mit britischen Unternehmen unterhalten oder britische Produkte verwenden, sind gut beraten, sich bereits heute auf die m\u00f6glichen Austrittsszenarien vorzubereiten. Sollte der Brexit &#8220;weich&#8221; ausfallen und Grossbritannien k\u00fcnftig einen \u00e4hnlichen Status wie die Schweiz oder die EWR-Staaten haben, wird [&hellip;]\" \/>\n<meta property=\"og:url\" content=\"https:\/\/schillerlegal.ch\/en\/brexit-und-die-schweiz\/\" \/>\n<meta property=\"og:site_name\" content=\"Schiller Rechtsanw\u00e4lte AG\" \/>\n<meta property=\"article:published_time\" content=\"2018-04-13T10:01:00+00:00\" \/>\n<meta property=\"article:modified_time\" content=\"2024-06-10T14:26:10+00:00\" \/>\n<meta name=\"author\" content=\"pusparasa\" \/>\n<meta name=\"twitter:card\" content=\"summary_large_image\" \/>\n<meta name=\"twitter:label1\" content=\"Written by\" \/>\n\t<meta name=\"twitter:data1\" content=\"pusparasa\" \/>\n\t<meta name=\"twitter:label2\" content=\"Est. reading time\" \/>\n\t<meta name=\"twitter:data2\" content=\"2 minutes\" \/>\n<script type=\"application\/ld+json\" class=\"yoast-schema-graph\">{\"@context\":\"https:\\\/\\\/schema.org\",\"@graph\":[{\"@type\":\"Article\",\"@id\":\"https:\\\/\\\/schillerlegal.ch\\\/en\\\/brexit-und-die-schweiz\\\/#article\",\"isPartOf\":{\"@id\":\"https:\\\/\\\/schillerlegal.ch\\\/en\\\/brexit-und-die-schweiz\\\/\"},\"author\":{\"name\":\"pusparasa\",\"@id\":\"https:\\\/\\\/schillerlegal.ch\\\/en\\\/#\\\/schema\\\/person\\\/86726a4d370a54cd2152caf17b64d98c\"},\"headline\":\"Brexit und die Schweiz\",\"datePublished\":\"2018-04-13T10:01:00+00:00\",\"dateModified\":\"2024-06-10T14:26:10+00:00\",\"mainEntityOfPage\":{\"@id\":\"https:\\\/\\\/schillerlegal.ch\\\/en\\\/brexit-und-die-schweiz\\\/\"},\"wordCount\":315,\"articleSection\":[\"Unkategorisiert\"],\"inLanguage\":\"en-US\"},{\"@type\":\"WebPage\",\"@id\":\"https:\\\/\\\/schillerlegal.ch\\\/en\\\/brexit-und-die-schweiz\\\/\",\"url\":\"https:\\\/\\\/schillerlegal.ch\\\/en\\\/brexit-und-die-schweiz\\\/\",\"name\":\"Brexit und die Schweiz - Schiller Rechtsanw\u00e4lte AG\",\"isPartOf\":{\"@id\":\"https:\\\/\\\/schillerlegal.ch\\\/en\\\/#website\"},\"datePublished\":\"2018-04-13T10:01:00+00:00\",\"dateModified\":\"2024-06-10T14:26:10+00:00\",\"author\":{\"@id\":\"https:\\\/\\\/schillerlegal.ch\\\/en\\\/#\\\/schema\\\/person\\\/86726a4d370a54cd2152caf17b64d98c\"},\"breadcrumb\":{\"@id\":\"https:\\\/\\\/schillerlegal.ch\\\/en\\\/brexit-und-die-schweiz\\\/#breadcrumb\"},\"inLanguage\":\"en-US\",\"potentialAction\":[{\"@type\":\"ReadAction\",\"target\":[\"https:\\\/\\\/schillerlegal.ch\\\/en\\\/brexit-und-die-schweiz\\\/\"]}]},{\"@type\":\"BreadcrumbList\",\"@id\":\"https:\\\/\\\/schillerlegal.ch\\\/en\\\/brexit-und-die-schweiz\\\/#breadcrumb\",\"itemListElement\":[{\"@type\":\"ListItem\",\"position\":1,\"name\":\"Startseite\",\"item\":\"https:\\\/\\\/schillerlegal.ch\\\/en\\\/\"},{\"@type\":\"ListItem\",\"position\":2,\"name\":\"Brexit und die Schweiz\"}]},{\"@type\":\"WebSite\",\"@id\":\"https:\\\/\\\/schillerlegal.ch\\\/en\\\/#website\",\"url\":\"https:\\\/\\\/schillerlegal.ch\\\/en\\\/\",\"name\":\"Schiller Rechtsanw\u00e4lte AG\",\"description\":\"\",\"potentialAction\":[{\"@type\":\"SearchAction\",\"target\":{\"@type\":\"EntryPoint\",\"urlTemplate\":\"https:\\\/\\\/schillerlegal.ch\\\/en\\\/?s={search_term_string}\"},\"query-input\":{\"@type\":\"PropertyValueSpecification\",\"valueRequired\":true,\"valueName\":\"search_term_string\"}}],\"inLanguage\":\"en-US\"},{\"@type\":\"Person\",\"@id\":\"https:\\\/\\\/schillerlegal.ch\\\/en\\\/#\\\/schema\\\/person\\\/86726a4d370a54cd2152caf17b64d98c\",\"name\":\"pusparasa\",\"image\":{\"@type\":\"ImageObject\",\"inLanguage\":\"en-US\",\"@id\":\"https:\\\/\\\/secure.gravatar.com\\\/avatar\\\/e9f835021a048f6c442857ae71474ebb0556524367848367a10b076cec21d2ea?s=96&d=mm&r=g\",\"url\":\"https:\\\/\\\/secure.gravatar.com\\\/avatar\\\/e9f835021a048f6c442857ae71474ebb0556524367848367a10b076cec21d2ea?s=96&d=mm&r=g\",\"contentUrl\":\"https:\\\/\\\/secure.gravatar.com\\\/avatar\\\/e9f835021a048f6c442857ae71474ebb0556524367848367a10b076cec21d2ea?s=96&d=mm&r=g\",\"caption\":\"pusparasa\"},\"url\":\"https:\\\/\\\/schillerlegal.ch\\\/en\\\/author\\\/pusparasa\\\/\"}]}<\/script>\n<!-- \/ Yoast SEO plugin. -->","yoast_head_json":{"title":"Brexit und die Schweiz - Schiller Rechtsanw\u00e4lte AG","robots":{"index":"index","follow":"follow","max-snippet":"max-snippet:-1","max-image-preview":"max-image-preview:large","max-video-preview":"max-video-preview:-1"},"canonical":"https:\/\/schillerlegal.ch\/en\/brexit-und-die-schweiz\/","og_locale":"en_US","og_type":"article","og_title":"Brexit und die Schweiz - Schiller Rechtsanw\u00e4lte AG","og_description":"Der Brexit betrifft nicht nur Grossbritannien und die EU, sondern auch die Schweiz. Schweizerische Unternehmen, die Gesch\u00e4ftsbeziehungen mit britischen Unternehmen unterhalten oder britische Produkte verwenden, sind gut beraten, sich bereits heute auf die m\u00f6glichen Austrittsszenarien vorzubereiten. Sollte der Brexit &#8220;weich&#8221; ausfallen und Grossbritannien k\u00fcnftig einen \u00e4hnlichen Status wie die Schweiz oder die EWR-Staaten haben, wird [&hellip;]","og_url":"https:\/\/schillerlegal.ch\/en\/brexit-und-die-schweiz\/","og_site_name":"Schiller Rechtsanw\u00e4lte AG","article_published_time":"2018-04-13T10:01:00+00:00","article_modified_time":"2024-06-10T14:26:10+00:00","author":"pusparasa","twitter_card":"summary_large_image","twitter_misc":{"Written by":"pusparasa","Est. reading time":"2 minutes"},"schema":{"@context":"https:\/\/schema.org","@graph":[{"@type":"Article","@id":"https:\/\/schillerlegal.ch\/en\/brexit-und-die-schweiz\/#article","isPartOf":{"@id":"https:\/\/schillerlegal.ch\/en\/brexit-und-die-schweiz\/"},"author":{"name":"pusparasa","@id":"https:\/\/schillerlegal.ch\/en\/#\/schema\/person\/86726a4d370a54cd2152caf17b64d98c"},"headline":"Brexit und die Schweiz","datePublished":"2018-04-13T10:01:00+00:00","dateModified":"2024-06-10T14:26:10+00:00","mainEntityOfPage":{"@id":"https:\/\/schillerlegal.ch\/en\/brexit-und-die-schweiz\/"},"wordCount":315,"articleSection":["Unkategorisiert"],"inLanguage":"en-US"},{"@type":"WebPage","@id":"https:\/\/schillerlegal.ch\/en\/brexit-und-die-schweiz\/","url":"https:\/\/schillerlegal.ch\/en\/brexit-und-die-schweiz\/","name":"Brexit und die Schweiz - Schiller Rechtsanw\u00e4lte AG","isPartOf":{"@id":"https:\/\/schillerlegal.ch\/en\/#website"},"datePublished":"2018-04-13T10:01:00+00:00","dateModified":"2024-06-10T14:26:10+00:00","author":{"@id":"https:\/\/schillerlegal.ch\/en\/#\/schema\/person\/86726a4d370a54cd2152caf17b64d98c"},"breadcrumb":{"@id":"https:\/\/schillerlegal.ch\/en\/brexit-und-die-schweiz\/#breadcrumb"},"inLanguage":"en-US","potentialAction":[{"@type":"ReadAction","target":["https:\/\/schillerlegal.ch\/en\/brexit-und-die-schweiz\/"]}]},{"@type":"BreadcrumbList","@id":"https:\/\/schillerlegal.ch\/en\/brexit-und-die-schweiz\/#breadcrumb","itemListElement":[{"@type":"ListItem","position":1,"name":"Startseite","item":"https:\/\/schillerlegal.ch\/en\/"},{"@type":"ListItem","position":2,"name":"Brexit und die Schweiz"}]},{"@type":"WebSite","@id":"https:\/\/schillerlegal.ch\/en\/#website","url":"https:\/\/schillerlegal.ch\/en\/","name":"Schiller Rechtsanw\u00e4lte AG","description":"","potentialAction":[{"@type":"SearchAction","target":{"@type":"EntryPoint","urlTemplate":"https:\/\/schillerlegal.ch\/en\/?s={search_term_string}"},"query-input":{"@type":"PropertyValueSpecification","valueRequired":true,"valueName":"search_term_string"}}],"inLanguage":"en-US"},{"@type":"Person","@id":"https:\/\/schillerlegal.ch\/en\/#\/schema\/person\/86726a4d370a54cd2152caf17b64d98c","name":"pusparasa","image":{"@type":"ImageObject","inLanguage":"en-US","@id":"https:\/\/secure.gravatar.com\/avatar\/e9f835021a048f6c442857ae71474ebb0556524367848367a10b076cec21d2ea?s=96&d=mm&r=g","url":"https:\/\/secure.gravatar.com\/avatar\/e9f835021a048f6c442857ae71474ebb0556524367848367a10b076cec21d2ea?s=96&d=mm&r=g","contentUrl":"https:\/\/secure.gravatar.com\/avatar\/e9f835021a048f6c442857ae71474ebb0556524367848367a10b076cec21d2ea?s=96&d=mm&r=g","caption":"pusparasa"},"url":"https:\/\/schillerlegal.ch\/en\/author\/pusparasa\/"}]}},"_links":{"self":[{"href":"https:\/\/schillerlegal.ch\/en\/wp-json\/wp\/v2\/posts\/555","targetHints":{"allow":["GET"]}}],"collection":[{"href":"https:\/\/schillerlegal.ch\/en\/wp-json\/wp\/v2\/posts"}],"about":[{"href":"https:\/\/schillerlegal.ch\/en\/wp-json\/wp\/v2\/types\/post"}],"author":[{"embeddable":true,"href":"https:\/\/schillerlegal.ch\/en\/wp-json\/wp\/v2\/users\/4"}],"replies":[{"embeddable":true,"href":"https:\/\/schillerlegal.ch\/en\/wp-json\/wp\/v2\/comments?post=555"}],"version-history":[{"count":2,"href":"https:\/\/schillerlegal.ch\/en\/wp-json\/wp\/v2\/posts\/555\/revisions"}],"predecessor-version":[{"id":834,"href":"https:\/\/schillerlegal.ch\/en\/wp-json\/wp\/v2\/posts\/555\/revisions\/834"}],"wp:attachment":[{"href":"https:\/\/schillerlegal.ch\/en\/wp-json\/wp\/v2\/media?parent=555"}],"wp:term":[{"taxonomy":"category","embeddable":true,"href":"https:\/\/schillerlegal.ch\/en\/wp-json\/wp\/v2\/categories?post=555"},{"taxonomy":"post_tag","embeddable":true,"href":"https:\/\/schillerlegal.ch\/en\/wp-json\/wp\/v2\/tags?post=555"},{"taxonomy":"area-of-activity","embeddable":true,"href":"https:\/\/schillerlegal.ch\/en\/wp-json\/wp\/v2\/area-of-activity?post=555"}],"curies":[{"name":"wp","href":"https:\/\/api.w.org\/{rel}","templated":true}]}}