{"id":1502,"date":"2025-04-15T09:42:19","date_gmt":"2025-04-15T07:42:19","guid":{"rendered":"https:\/\/schillerlegal.ch\/?p=1502"},"modified":"2025-04-15T09:42:20","modified_gmt":"2025-04-15T07:42:20","slug":"150-jahre-schiller-rechtsanwaelte","status":"publish","type":"post","link":"https:\/\/schillerlegal.ch\/en\/150-jahre-schiller-rechtsanwaelte\/","title":{"rendered":"150 Jahre Schiller Rechtsanw\u00e4lte\u00a0"},"content":{"rendered":"\n<p>Schiller Rechtsanw\u00e4lte feiern in diesem Jahr das Jubil\u00e4um zum 150. Jahr ihres Bestehens.&nbsp;<\/p>\n\n\n\n<p>Zumindest der Legende nach wurde unser B\u00fcro bereits im geschichtstr\u00e4chtigen Jahr 1875 vom Alt-Stapi und Eisenbahnpionier Theodor Ziegler gegr\u00fcndet. Namhafte Anw\u00e4lte und Anw\u00e4ltinnen haben unsere Kanzlei seither gef\u00fchrt und weiterentwickelt, immer im Bewusstsein, Teil dieser Geschichte zu sein.&nbsp;<\/p>\n\n\n\n<p>Das Jubil\u00e4um ist ein Grund zum Feiern. Die Feierlichkeiten finden an einem Anlass f\u00fcr aktuelle und ehemalige Mitarbeitende im Sommer sowie im Rahmen unserer bew\u00e4hrten Weiterbildungsveranstaltung f\u00fcr unsere Klientschaft und die \u00d6ffentlichkeit am 4. November 2025 im Casinotheater in Winterthur statt.&nbsp;<\/p>\n\n\n\n<figure class=\"wp-block-image size-large is-resized\"><img loading=\"lazy\" decoding=\"async\" width=\"625\" height=\"1024\" src=\"https:\/\/schillerlegal.ch\/wp-content\/uploads\/2025\/04\/IMG_8839-2-625x1024.jpg\" alt=\"\" class=\"wp-image-1503\" style=\"width:566px;height:auto\" srcset=\"https:\/\/schillerlegal.ch\/wp-content\/uploads\/2025\/04\/IMG_8839-2-625x1024.jpg 625w, https:\/\/schillerlegal.ch\/wp-content\/uploads\/2025\/04\/IMG_8839-2-183x300.jpg 183w, https:\/\/schillerlegal.ch\/wp-content\/uploads\/2025\/04\/IMG_8839-2-768x1257.jpg 768w, https:\/\/schillerlegal.ch\/wp-content\/uploads\/2025\/04\/IMG_8839-2-938x1536.jpg 938w, https:\/\/schillerlegal.ch\/wp-content\/uploads\/2025\/04\/IMG_8839-2.jpg 1180w\" sizes=\"auto, (max-width: 625px) 100vw, 625px\" \/><\/figure>\n","protected":false},"excerpt":{"rendered":"<p>Schiller Rechtsanw\u00e4lte feiern in diesem Jahr das Jubil\u00e4um zum 150. Jahr ihres Bestehens.&nbsp; Zumindest der Legende nach wurde unser B\u00fcro bereits im geschichtstr\u00e4chtigen Jahr 1875 vom Alt-Stapi und Eisenbahnpionier Theodor Ziegler gegr\u00fcndet. Namhafte Anw\u00e4lte und Anw\u00e4ltinnen haben unsere Kanzlei seither gef\u00fchrt und weiterentwickelt, immer im Bewusstsein, Teil dieser Geschichte zu sein.&nbsp; Das Jubil\u00e4um ist ein [&hellip;]<\/p>\n","protected":false},"author":4,"featured_media":0,"comment_status":"closed","ping_status":"closed","sticky":false,"template":"","format":"standard","meta":{"_acf_changed":false,"footnotes":""},"categories":[1],"tags":[],"area-of-activity":[],"class_list":["post-1502","post","type-post","status-publish","format-standard","hentry","category-unkategorisiert"],"acf":[],"yoast_head":"<!-- This site is optimized with the Yoast SEO plugin v27.3 - https:\/\/yoast.com\/product\/yoast-seo-wordpress\/ -->\n<title>150 Jahre Schiller Rechtsanw\u00e4lte\u00a0 - Schiller Rechtsanw\u00e4lte AG<\/title>\n<meta name=\"robots\" content=\"index, follow, max-snippet:-1, max-image-preview:large, max-video-preview:-1\" \/>\n<link rel=\"canonical\" href=\"https:\/\/schillerlegal.ch\/en\/150-jahre-schiller-rechtsanwaelte\/\" \/>\n<meta property=\"og:locale\" content=\"en_US\" \/>\n<meta property=\"og:type\" content=\"article\" \/>\n<meta property=\"og:title\" content=\"150 Jahre Schiller Rechtsanw\u00e4lte\u00a0 - Schiller Rechtsanw\u00e4lte AG\" \/>\n<meta property=\"og:description\" content=\"Schiller Rechtsanw\u00e4lte feiern in diesem Jahr das Jubil\u00e4um zum 150. Jahr ihres Bestehens.&nbsp; Zumindest der Legende nach wurde unser B\u00fcro bereits im geschichtstr\u00e4chtigen Jahr 1875 vom Alt-Stapi und Eisenbahnpionier Theodor Ziegler gegr\u00fcndet. Namhafte Anw\u00e4lte und Anw\u00e4ltinnen haben unsere Kanzlei seither gef\u00fchrt und weiterentwickelt, immer im Bewusstsein, Teil dieser Geschichte zu sein.&nbsp; Das Jubil\u00e4um ist ein [&hellip;]\" \/>\n<meta property=\"og:url\" content=\"https:\/\/schillerlegal.ch\/en\/150-jahre-schiller-rechtsanwaelte\/\" \/>\n<meta property=\"og:site_name\" content=\"Schiller Rechtsanw\u00e4lte AG\" \/>\n<meta property=\"article:published_time\" content=\"2025-04-15T07:42:19+00:00\" \/>\n<meta property=\"article:modified_time\" content=\"2025-04-15T07:42:20+00:00\" \/>\n<meta property=\"og:image\" content=\"https:\/\/schillerlegal.ch\/wp-content\/uploads\/2025\/04\/IMG_8839-2.jpg\" \/>\n\t<meta property=\"og:image:width\" content=\"1180\" \/>\n\t<meta property=\"og:image:height\" content=\"1932\" \/>\n\t<meta property=\"og:image:type\" content=\"image\/jpeg\" \/>\n<meta name=\"author\" content=\"pusparasa\" \/>\n<meta name=\"twitter:card\" content=\"summary_large_image\" \/>\n<meta name=\"twitter:label1\" content=\"Written by\" \/>\n\t<meta name=\"twitter:data1\" content=\"pusparasa\" \/>\n\t<meta name=\"twitter:label2\" content=\"Est. reading time\" \/>\n\t<meta name=\"twitter:data2\" content=\"1 minute\" \/>\n<script type=\"application\/ld+json\" class=\"yoast-schema-graph\">{\"@context\":\"https:\\\/\\\/schema.org\",\"@graph\":[{\"@type\":\"Article\",\"@id\":\"https:\\\/\\\/schillerlegal.ch\\\/en\\\/150-jahre-schiller-rechtsanwaelte\\\/#article\",\"isPartOf\":{\"@id\":\"https:\\\/\\\/schillerlegal.ch\\\/en\\\/150-jahre-schiller-rechtsanwaelte\\\/\"},\"author\":{\"name\":\"pusparasa\",\"@id\":\"https:\\\/\\\/schillerlegal.ch\\\/en\\\/#\\\/schema\\\/person\\\/86726a4d370a54cd2152caf17b64d98c\"},\"headline\":\"150 Jahre Schiller Rechtsanw\u00e4lte\u00a0\",\"datePublished\":\"2025-04-15T07:42:19+00:00\",\"dateModified\":\"2025-04-15T07:42:20+00:00\",\"mainEntityOfPage\":{\"@id\":\"https:\\\/\\\/schillerlegal.ch\\\/en\\\/150-jahre-schiller-rechtsanwaelte\\\/\"},\"wordCount\":107,\"image\":{\"@id\":\"https:\\\/\\\/schillerlegal.ch\\\/en\\\/150-jahre-schiller-rechtsanwaelte\\\/#primaryimage\"},\"thumbnailUrl\":\"https:\\\/\\\/schillerlegal.ch\\\/wp-content\\\/uploads\\\/2025\\\/04\\\/IMG_8839-2-625x1024.jpg\",\"articleSection\":[\"Unkategorisiert\"],\"inLanguage\":\"en-US\"},{\"@type\":\"WebPage\",\"@id\":\"https:\\\/\\\/schillerlegal.ch\\\/en\\\/150-jahre-schiller-rechtsanwaelte\\\/\",\"url\":\"https:\\\/\\\/schillerlegal.ch\\\/en\\\/150-jahre-schiller-rechtsanwaelte\\\/\",\"name\":\"150 Jahre Schiller Rechtsanw\u00e4lte\u00a0 - Schiller Rechtsanw\u00e4lte AG\",\"isPartOf\":{\"@id\":\"https:\\\/\\\/schillerlegal.ch\\\/en\\\/#website\"},\"primaryImageOfPage\":{\"@id\":\"https:\\\/\\\/schillerlegal.ch\\\/en\\\/150-jahre-schiller-rechtsanwaelte\\\/#primaryimage\"},\"image\":{\"@id\":\"https:\\\/\\\/schillerlegal.ch\\\/en\\\/150-jahre-schiller-rechtsanwaelte\\\/#primaryimage\"},\"thumbnailUrl\":\"https:\\\/\\\/schillerlegal.ch\\\/wp-content\\\/uploads\\\/2025\\\/04\\\/IMG_8839-2-625x1024.jpg\",\"datePublished\":\"2025-04-15T07:42:19+00:00\",\"dateModified\":\"2025-04-15T07:42:20+00:00\",\"author\":{\"@id\":\"https:\\\/\\\/schillerlegal.ch\\\/en\\\/#\\\/schema\\\/person\\\/86726a4d370a54cd2152caf17b64d98c\"},\"breadcrumb\":{\"@id\":\"https:\\\/\\\/schillerlegal.ch\\\/en\\\/150-jahre-schiller-rechtsanwaelte\\\/#breadcrumb\"},\"inLanguage\":\"en-US\",\"potentialAction\":[{\"@type\":\"ReadAction\",\"target\":[\"https:\\\/\\\/schillerlegal.ch\\\/en\\\/150-jahre-schiller-rechtsanwaelte\\\/\"]}]},{\"@type\":\"ImageObject\",\"inLanguage\":\"en-US\",\"@id\":\"https:\\\/\\\/schillerlegal.ch\\\/en\\\/150-jahre-schiller-rechtsanwaelte\\\/#primaryimage\",\"url\":\"https:\\\/\\\/schillerlegal.ch\\\/wp-content\\\/uploads\\\/2025\\\/04\\\/IMG_8839-2-625x1024.jpg\",\"contentUrl\":\"https:\\\/\\\/schillerlegal.ch\\\/wp-content\\\/uploads\\\/2025\\\/04\\\/IMG_8839-2-625x1024.jpg\"},{\"@type\":\"BreadcrumbList\",\"@id\":\"https:\\\/\\\/schillerlegal.ch\\\/en\\\/150-jahre-schiller-rechtsanwaelte\\\/#breadcrumb\",\"itemListElement\":[{\"@type\":\"ListItem\",\"position\":1,\"name\":\"Startseite\",\"item\":\"https:\\\/\\\/schillerlegal.ch\\\/en\\\/\"},{\"@type\":\"ListItem\",\"position\":2,\"name\":\"150 Jahre Schiller Rechtsanw\u00e4lte\u00a0\"}]},{\"@type\":\"WebSite\",\"@id\":\"https:\\\/\\\/schillerlegal.ch\\\/en\\\/#website\",\"url\":\"https:\\\/\\\/schillerlegal.ch\\\/en\\\/\",\"name\":\"Schiller Rechtsanw\u00e4lte AG\",\"description\":\"\",\"potentialAction\":[{\"@type\":\"SearchAction\",\"target\":{\"@type\":\"EntryPoint\",\"urlTemplate\":\"https:\\\/\\\/schillerlegal.ch\\\/en\\\/?s={search_term_string}\"},\"query-input\":{\"@type\":\"PropertyValueSpecification\",\"valueRequired\":true,\"valueName\":\"search_term_string\"}}],\"inLanguage\":\"en-US\"},{\"@type\":\"Person\",\"@id\":\"https:\\\/\\\/schillerlegal.ch\\\/en\\\/#\\\/schema\\\/person\\\/86726a4d370a54cd2152caf17b64d98c\",\"name\":\"pusparasa\",\"image\":{\"@type\":\"ImageObject\",\"inLanguage\":\"en-US\",\"@id\":\"https:\\\/\\\/secure.gravatar.com\\\/avatar\\\/e9f835021a048f6c442857ae71474ebb0556524367848367a10b076cec21d2ea?s=96&d=mm&r=g\",\"url\":\"https:\\\/\\\/secure.gravatar.com\\\/avatar\\\/e9f835021a048f6c442857ae71474ebb0556524367848367a10b076cec21d2ea?s=96&d=mm&r=g\",\"contentUrl\":\"https:\\\/\\\/secure.gravatar.com\\\/avatar\\\/e9f835021a048f6c442857ae71474ebb0556524367848367a10b076cec21d2ea?s=96&d=mm&r=g\",\"caption\":\"pusparasa\"},\"url\":\"https:\\\/\\\/schillerlegal.ch\\\/en\\\/author\\\/pusparasa\\\/\"}]}<\/script>\n<!-- \/ Yoast SEO plugin. -->","yoast_head_json":{"title":"150 Jahre Schiller Rechtsanw\u00e4lte\u00a0 - Schiller Rechtsanw\u00e4lte AG","robots":{"index":"index","follow":"follow","max-snippet":"max-snippet:-1","max-image-preview":"max-image-preview:large","max-video-preview":"max-video-preview:-1"},"canonical":"https:\/\/schillerlegal.ch\/en\/150-jahre-schiller-rechtsanwaelte\/","og_locale":"en_US","og_type":"article","og_title":"150 Jahre Schiller Rechtsanw\u00e4lte\u00a0 - Schiller Rechtsanw\u00e4lte AG","og_description":"Schiller Rechtsanw\u00e4lte feiern in diesem Jahr das Jubil\u00e4um zum 150. Jahr ihres Bestehens.&nbsp; Zumindest der Legende nach wurde unser B\u00fcro bereits im geschichtstr\u00e4chtigen Jahr 1875 vom Alt-Stapi und Eisenbahnpionier Theodor Ziegler gegr\u00fcndet. Namhafte Anw\u00e4lte und Anw\u00e4ltinnen haben unsere Kanzlei seither gef\u00fchrt und weiterentwickelt, immer im Bewusstsein, Teil dieser Geschichte zu sein.&nbsp; Das Jubil\u00e4um ist ein [&hellip;]","og_url":"https:\/\/schillerlegal.ch\/en\/150-jahre-schiller-rechtsanwaelte\/","og_site_name":"Schiller Rechtsanw\u00e4lte AG","article_published_time":"2025-04-15T07:42:19+00:00","article_modified_time":"2025-04-15T07:42:20+00:00","og_image":[{"width":1180,"height":1932,"url":"https:\/\/schillerlegal.ch\/wp-content\/uploads\/2025\/04\/IMG_8839-2.jpg","type":"image\/jpeg"}],"author":"pusparasa","twitter_card":"summary_large_image","twitter_misc":{"Written by":"pusparasa","Est. reading time":"1 minute"},"schema":{"@context":"https:\/\/schema.org","@graph":[{"@type":"Article","@id":"https:\/\/schillerlegal.ch\/en\/150-jahre-schiller-rechtsanwaelte\/#article","isPartOf":{"@id":"https:\/\/schillerlegal.ch\/en\/150-jahre-schiller-rechtsanwaelte\/"},"author":{"name":"pusparasa","@id":"https:\/\/schillerlegal.ch\/en\/#\/schema\/person\/86726a4d370a54cd2152caf17b64d98c"},"headline":"150 Jahre Schiller Rechtsanw\u00e4lte\u00a0","datePublished":"2025-04-15T07:42:19+00:00","dateModified":"2025-04-15T07:42:20+00:00","mainEntityOfPage":{"@id":"https:\/\/schillerlegal.ch\/en\/150-jahre-schiller-rechtsanwaelte\/"},"wordCount":107,"image":{"@id":"https:\/\/schillerlegal.ch\/en\/150-jahre-schiller-rechtsanwaelte\/#primaryimage"},"thumbnailUrl":"https:\/\/schillerlegal.ch\/wp-content\/uploads\/2025\/04\/IMG_8839-2-625x1024.jpg","articleSection":["Unkategorisiert"],"inLanguage":"en-US"},{"@type":"WebPage","@id":"https:\/\/schillerlegal.ch\/en\/150-jahre-schiller-rechtsanwaelte\/","url":"https:\/\/schillerlegal.ch\/en\/150-jahre-schiller-rechtsanwaelte\/","name":"150 Jahre Schiller Rechtsanw\u00e4lte\u00a0 - Schiller Rechtsanw\u00e4lte AG","isPartOf":{"@id":"https:\/\/schillerlegal.ch\/en\/#website"},"primaryImageOfPage":{"@id":"https:\/\/schillerlegal.ch\/en\/150-jahre-schiller-rechtsanwaelte\/#primaryimage"},"image":{"@id":"https:\/\/schillerlegal.ch\/en\/150-jahre-schiller-rechtsanwaelte\/#primaryimage"},"thumbnailUrl":"https:\/\/schillerlegal.ch\/wp-content\/uploads\/2025\/04\/IMG_8839-2-625x1024.jpg","datePublished":"2025-04-15T07:42:19+00:00","dateModified":"2025-04-15T07:42:20+00:00","author":{"@id":"https:\/\/schillerlegal.ch\/en\/#\/schema\/person\/86726a4d370a54cd2152caf17b64d98c"},"breadcrumb":{"@id":"https:\/\/schillerlegal.ch\/en\/150-jahre-schiller-rechtsanwaelte\/#breadcrumb"},"inLanguage":"en-US","potentialAction":[{"@type":"ReadAction","target":["https:\/\/schillerlegal.ch\/en\/150-jahre-schiller-rechtsanwaelte\/"]}]},{"@type":"ImageObject","inLanguage":"en-US","@id":"https:\/\/schillerlegal.ch\/en\/150-jahre-schiller-rechtsanwaelte\/#primaryimage","url":"https:\/\/schillerlegal.ch\/wp-content\/uploads\/2025\/04\/IMG_8839-2-625x1024.jpg","contentUrl":"https:\/\/schillerlegal.ch\/wp-content\/uploads\/2025\/04\/IMG_8839-2-625x1024.jpg"},{"@type":"BreadcrumbList","@id":"https:\/\/schillerlegal.ch\/en\/150-jahre-schiller-rechtsanwaelte\/#breadcrumb","itemListElement":[{"@type":"ListItem","position":1,"name":"Startseite","item":"https:\/\/schillerlegal.ch\/en\/"},{"@type":"ListItem","position":2,"name":"150 Jahre Schiller Rechtsanw\u00e4lte\u00a0"}]},{"@type":"WebSite","@id":"https:\/\/schillerlegal.ch\/en\/#website","url":"https:\/\/schillerlegal.ch\/en\/","name":"Schiller Rechtsanw\u00e4lte AG","description":"","potentialAction":[{"@type":"SearchAction","target":{"@type":"EntryPoint","urlTemplate":"https:\/\/schillerlegal.ch\/en\/?s={search_term_string}"},"query-input":{"@type":"PropertyValueSpecification","valueRequired":true,"valueName":"search_term_string"}}],"inLanguage":"en-US"},{"@type":"Person","@id":"https:\/\/schillerlegal.ch\/en\/#\/schema\/person\/86726a4d370a54cd2152caf17b64d98c","name":"pusparasa","image":{"@type":"ImageObject","inLanguage":"en-US","@id":"https:\/\/secure.gravatar.com\/avatar\/e9f835021a048f6c442857ae71474ebb0556524367848367a10b076cec21d2ea?s=96&d=mm&r=g","url":"https:\/\/secure.gravatar.com\/avatar\/e9f835021a048f6c442857ae71474ebb0556524367848367a10b076cec21d2ea?s=96&d=mm&r=g","contentUrl":"https:\/\/secure.gravatar.com\/avatar\/e9f835021a048f6c442857ae71474ebb0556524367848367a10b076cec21d2ea?s=96&d=mm&r=g","caption":"pusparasa"},"url":"https:\/\/schillerlegal.ch\/en\/author\/pusparasa\/"}]}},"_links":{"self":[{"href":"https:\/\/schillerlegal.ch\/en\/wp-json\/wp\/v2\/posts\/1502","targetHints":{"allow":["GET"]}}],"collection":[{"href":"https:\/\/schillerlegal.ch\/en\/wp-json\/wp\/v2\/posts"}],"about":[{"href":"https:\/\/schillerlegal.ch\/en\/wp-json\/wp\/v2\/types\/post"}],"author":[{"embeddable":true,"href":"https:\/\/schillerlegal.ch\/en\/wp-json\/wp\/v2\/users\/4"}],"replies":[{"embeddable":true,"href":"https:\/\/schillerlegal.ch\/en\/wp-json\/wp\/v2\/comments?post=1502"}],"version-history":[{"count":3,"href":"https:\/\/schillerlegal.ch\/en\/wp-json\/wp\/v2\/posts\/1502\/revisions"}],"predecessor-version":[{"id":1506,"href":"https:\/\/schillerlegal.ch\/en\/wp-json\/wp\/v2\/posts\/1502\/revisions\/1506"}],"wp:attachment":[{"href":"https:\/\/schillerlegal.ch\/en\/wp-json\/wp\/v2\/media?parent=1502"}],"wp:term":[{"taxonomy":"category","embeddable":true,"href":"https:\/\/schillerlegal.ch\/en\/wp-json\/wp\/v2\/categories?post=1502"},{"taxonomy":"post_tag","embeddable":true,"href":"https:\/\/schillerlegal.ch\/en\/wp-json\/wp\/v2\/tags?post=1502"},{"taxonomy":"area-of-activity","embeddable":true,"href":"https:\/\/schillerlegal.ch\/en\/wp-json\/wp\/v2\/area-of-activity?post=1502"}],"curies":[{"name":"wp","href":"https:\/\/api.w.org\/{rel}","templated":true}]}}