{"id":1448,"date":"2025-02-05T10:15:28","date_gmt":"2025-02-05T09:15:28","guid":{"rendered":"https:\/\/schillerlegal.ch\/?p=1448"},"modified":"2025-02-05T14:42:03","modified_gmt":"2025-02-05T13:42:03","slug":"wer-beruft-die-generalversammlung-ein-wenn-die-amtsdauer-des-verwaltungsrates-abgelaufen-ist","status":"publish","type":"post","link":"https:\/\/schillerlegal.ch\/en\/wer-beruft-die-generalversammlung-ein-wenn-die-amtsdauer-des-verwaltungsrates-abgelaufen-ist\/","title":{"rendered":"Wer beruft die Generalversammlung ein, wenn die Amtsdauer des Verwaltungsrates abgelaufen ist?"},"content":{"rendered":"\n<p>Aktiengesellschaften sollten die gesetzliche Pflicht, die Generalversammlung innert sechs Monaten nach Ende des Gesch\u00e4ftsjahres durchzuf\u00fchren (Art. 699 Abs. 2 OR), nicht auf die leichte Schulter nehmen. Was lange als blosse Ordnungsvorschrift galt und bei Nichteinhaltung kaum Konsequenzen hatte, hat durch zwei Urteile des Bundesgerichts eine neue Tragweite erlangt.<\/p>\n\n\n\n<p>Bereits am 3. Dezember 2021 hatte das Bundesgericht klargestellt, dass das Mandat des Verwaltungsrats automatisch endet, wenn bis zum Ablauf des sechsten Monats nach dem Ende des betreffenden Gesch\u00e4ftsjahres keine Generalversammlung durchgef\u00fchrt oder die Wiederwahl des Verwaltungsrats nicht traktandiert wurde (BGE 148 III 69 ff., E. 3).<\/p>\n\n\n\n<p>In einem weiteren Urteil vom 2. Mai 2024 erg\u00e4nzte das Bundesgericht diese Rechtsprechung und kam zu einem f\u00fcr die Praxis zentralen Schluss: Ein Verwaltungsrat, dessen Amtszeit abgelaufen ist, ist nicht mehr befugt, eine Generalversammlung einzuberufen. Die an einer solchen Versammlung gefassten Beschl\u00fcsse sind daher nichtig (Urteile 4A_387\/2023 und 4A_429\/2023).<\/p>\n\n\n\n<p>Um wieder einen Verwaltungsrat zu w\u00e4hlen und so den bestehenden Organisationsmangel zu beheben, kann die Aktiengesellschaft eine Universalversammlung durchf\u00fchren, an der alle Aktien vertreten sind (Art. 701 Abs. 1 OR) oder einen Zirkularbeschluss fassen,&nbsp;sofern kein Aktion\u00e4r die m\u00fcndliche Beratung verlangt&nbsp;(Art. 701 Abs. 3 OR). Dieser Weg steht aber nur offen, wenn alle mitmachen. Weigert sich ein Aktion\u00e4r, an der Universalversammlung teilzunehmen, handelt er nach dem Bundesgericht nicht rechtsmissbr\u00e4uchlich. In einem solchen Fall bleibt nur der Gang an das Gericht, das dann vor\u00fcbergehend einen Verwaltungsrat einsetzt, der befugt ist, eine Generalversammlung einzuberufen.<\/p>\n\n\n\n<p>Das Urteil hat Auswirkungen, die \u00fcber die Wahl des Verwaltungsrates hinausreichen. Sind die Beschl\u00fcsse einer von einem nicht mehr im Amt stehenden Verwaltungsrat einberufenen Generalversammlung nichtig, so betrifft dies auch die Genehmigung der Jahresrechnung, die Beschlussfassung \u00fcber die Verwendung des Bilanzgewinnes (Dividende) und alle anderen an der Generalversammlung gefassten Beschl\u00fcsse \u2013 sie alle sind ung\u00fcltig. Da die Nichtigkeit nicht verj\u00e4hrt, k\u00f6nnen Beschl\u00fcsse auch noch Jahre sp\u00e4ter in Frage gestellt werden. Insbesondere in Gesellschaften mit angespannten Aktion\u00e4rsverh\u00e4ltnissen birgt dies ein erhebliches Konfliktpotential.<\/p>\n\n\n\n<p>Um derartige Probleme zu vermeiden, sollten Aktiengesellschaften sicherstellen, dass die Generalversammlung rechtzeitig durchgef\u00fchrt wird und die Wiederwahl des Verwaltungsrats ordnungsgem\u00e4ss traktandiert ist. Sollte dennoch ein Organisationsmangel eintreten, empfiehlt es sich, fr\u00fchzeitig rechtlichen Rat einzuholen und die notwendigen Schritte einzuleiten, um die Handlungsf\u00e4higkeit der Gesellschaft wiederherzustellen.<\/p>\n\n\n\n<p>Die j\u00fcngste Rechtsprechung des Bundesgerichts wird die Praxis vor neue Herausforderungen stellen und d\u00fcrfte den Gerichten viel Arbeit bescheren.&nbsp;Michael Hochstrasser&nbsp;und&nbsp;Dorothee Auw\u00e4rter&nbsp;analysieren das Urteil vom 2.&nbsp;Mai 2024 in der Fachzeitschrift AJP kritisch, zeigen die Konsequenzen auf und geben Empfehlungen f\u00fcr Aktiengesellschaften ab.<\/p>\n\n\n\n<p><a href=\"https:\/\/schillerlegal.ch\/wp-content\/uploads\/2025\/02\/AJP-2024_1258-1263_Hochstrasser_Auwaerter.pdf\">Zur Urteilsbesprechung<\/a><\/p>\n\n\n\n<h2 class=\"wp-block-heading\">Autoren<\/h2>\n\n\n<div class=\"indy-block-people\">\n  <div class=\"row\">\n                  <div class=\"person col-md-6 col-lg-4 col-xl-3\">\n          <article class=\"tease tease-team-member\" id=\"tease-1048\">\n\t\t\t<div class=\"portrait\">\n\t\t<img decoding=\"async\" src=\"https:\/\/schillerlegal.ch\/wp-content\/uploads\/2024\/05\/cropped_0049_DSC01591-300x0-c-default.jpg\" srcset=\"https:\/\/schillerlegal.ch\/wp-content\/uploads\/2024\/05\/cropped_0049_DSC01591-300x0-c-default.jpg 1x, https:\/\/schillerlegal.ch\/wp-content\/uploads\/2024\/05\/cropped_0049_DSC01591-600x0-c-default.jpg 2x\">\n\t<\/div>\n\t<div class=\"text\">\n\t\t<h5 class=\"title\">Michael Hochstrasser<\/h5>\n\t\t<div class=\"sub\">\n\t\t\t<div class=\"position\">Partner<\/div>\n\t\t\t<div class=\"arrow-icon\"><?xml version=\"1.0\" encoding=\"utf-8\"?>\n<!-- Generator: Adobe Illustrator 28.2.0, SVG Export Plug-In . SVG Version: 6.00 Build 0)  -->\n<svg version=\"1.1\" id=\"uuid-0d01a91a-173c-4929-a2a8-92feee4570de\"\n\t xmlns=\"http:\/\/www.w3.org\/2000\/svg\" xmlns:xlink=\"http:\/\/www.w3.org\/1999\/xlink\" x=\"0px\" y=\"0px\" viewBox=\"0 0 40.2 18\"\n\t style=\"enable-background:new 0 0 40.2 18;\" xml:space=\"preserve\">\n<g id=\"uuid-337baa6b-6f6e-46a6-ab3d-80cfea9952c5\">\n\t<path id=\"uuid-42a080c4-afe9-4bb8-80e1-1e35f5b11246\" d=\"M31.2,18l-1.7-1.7l6.1-6.1H0V7.8h35.6l-6.1-6.2L31.2,0l9,9L31.2,18\n\t\tL31.2,18z\"\/>\n<\/g>\n<\/svg>\n<\/div>\n\t\t<\/div>\n\t<\/div>\n\t<a class=\"link\" href=\"https:\/\/schillerlegal.ch\/en\/team-member\/michael-hochstrasser\/\">\n\t\t<span class=\"visually-hidden\">Go to article<\/span>\n\t<\/a>\n<\/article>\n        <\/div>\n              <div class=\"person col-md-6 col-lg-4 col-xl-3\">\n          <article class=\"tease tease-team-member\" id=\"tease-1026\">\n\t\t\t<div class=\"portrait\">\n\t\t<img decoding=\"async\" src=\"https:\/\/schillerlegal.ch\/wp-content\/uploads\/2024\/06\/cropped_0032_DSC01973-300x0-c-default.jpg\" srcset=\"https:\/\/schillerlegal.ch\/wp-content\/uploads\/2024\/06\/cropped_0032_DSC01973-300x0-c-default.jpg 1x, https:\/\/schillerlegal.ch\/wp-content\/uploads\/2024\/06\/cropped_0032_DSC01973-600x0-c-default.jpg 2x\">\n\t<\/div>\n\t<div class=\"text\">\n\t\t<h5 class=\"title\">Dorothee Auw\u00e4rter<\/h5>\n\t\t<div class=\"sub\">\n\t\t\t<div class=\"position\">Partner<\/div>\n\t\t\t<div class=\"arrow-icon\"><?xml version=\"1.0\" encoding=\"utf-8\"?>\n<!-- Generator: Adobe Illustrator 28.2.0, SVG Export Plug-In . SVG Version: 6.00 Build 0)  -->\n<svg version=\"1.1\" id=\"uuid-0d01a91a-173c-4929-a2a8-92feee4570de\"\n\t xmlns=\"http:\/\/www.w3.org\/2000\/svg\" xmlns:xlink=\"http:\/\/www.w3.org\/1999\/xlink\" x=\"0px\" y=\"0px\" viewBox=\"0 0 40.2 18\"\n\t style=\"enable-background:new 0 0 40.2 18;\" xml:space=\"preserve\">\n<g id=\"uuid-337baa6b-6f6e-46a6-ab3d-80cfea9952c5\">\n\t<path id=\"uuid-42a080c4-afe9-4bb8-80e1-1e35f5b11246\" d=\"M31.2,18l-1.7-1.7l6.1-6.1H0V7.8h35.6l-6.1-6.2L31.2,0l9,9L31.2,18\n\t\tL31.2,18z\"\/>\n<\/g>\n<\/svg>\n<\/div>\n\t\t<\/div>\n\t<\/div>\n\t<a class=\"link\" href=\"https:\/\/schillerlegal.ch\/en\/team-member\/dorothee-auwaerter\/\">\n\t\t<span class=\"visually-hidden\">Go to article<\/span>\n\t<\/a>\n<\/article>\n        <\/div>\n            <\/div>\n<\/div>\n","protected":false},"excerpt":{"rendered":"<p>Aktiengesellschaften sollten die gesetzliche Pflicht, die Generalversammlung innert sechs Monaten nach Ende des Gesch\u00e4ftsjahres durchzuf\u00fchren (Art. 699 Abs. 2 OR), nicht auf die leichte Schulter nehmen. Was lange als blosse Ordnungsvorschrift galt und bei Nichteinhaltung kaum Konsequenzen hatte, hat durch zwei Urteile des Bundesgerichts eine neue Tragweite erlangt. Bereits am 3. Dezember 2021 hatte das [&hellip;]<\/p>\n","protected":false},"author":4,"featured_media":0,"comment_status":"closed","ping_status":"closed","sticky":false,"template":"","format":"standard","meta":{"_acf_changed":false,"footnotes":""},"categories":[1],"tags":[],"area-of-activity":[2],"class_list":["post-1448","post","type-post","status-publish","format-standard","hentry","category-unkategorisiert","area-of-activity-wirtschafts-und-handelsrecht"],"acf":[],"yoast_head":"<!-- This site is optimized with the Yoast SEO plugin v27.3 - https:\/\/yoast.com\/product\/yoast-seo-wordpress\/ -->\n<title>Wer beruft die Generalversammlung ein, wenn die Amtsdauer des Verwaltungsrates abgelaufen ist? - Schiller Rechtsanw\u00e4lte AG<\/title>\n<meta name=\"robots\" content=\"index, follow, max-snippet:-1, max-image-preview:large, max-video-preview:-1\" \/>\n<link rel=\"canonical\" href=\"https:\/\/schillerlegal.ch\/en\/wer-beruft-die-generalversammlung-ein-wenn-die-amtsdauer-des-verwaltungsrates-abgelaufen-ist\/\" \/>\n<meta property=\"og:locale\" content=\"en_US\" \/>\n<meta property=\"og:type\" content=\"article\" \/>\n<meta property=\"og:title\" content=\"Wer beruft die Generalversammlung ein, wenn die Amtsdauer des Verwaltungsrates abgelaufen ist? - Schiller Rechtsanw\u00e4lte AG\" \/>\n<meta property=\"og:description\" content=\"Aktiengesellschaften sollten die gesetzliche Pflicht, die Generalversammlung innert sechs Monaten nach Ende des Gesch\u00e4ftsjahres durchzuf\u00fchren (Art. 699 Abs. 2 OR), nicht auf die leichte Schulter nehmen. Was lange als blosse Ordnungsvorschrift galt und bei Nichteinhaltung kaum Konsequenzen hatte, hat durch zwei Urteile des Bundesgerichts eine neue Tragweite erlangt. Bereits am 3. Dezember 2021 hatte das [&hellip;]\" \/>\n<meta property=\"og:url\" content=\"https:\/\/schillerlegal.ch\/en\/wer-beruft-die-generalversammlung-ein-wenn-die-amtsdauer-des-verwaltungsrates-abgelaufen-ist\/\" \/>\n<meta property=\"og:site_name\" content=\"Schiller Rechtsanw\u00e4lte AG\" \/>\n<meta property=\"article:published_time\" content=\"2025-02-05T09:15:28+00:00\" \/>\n<meta property=\"article:modified_time\" content=\"2025-02-05T13:42:03+00:00\" \/>\n<meta name=\"author\" content=\"pusparasa\" \/>\n<meta name=\"twitter:card\" content=\"summary_large_image\" \/>\n<meta name=\"twitter:label1\" content=\"Written by\" \/>\n\t<meta name=\"twitter:data1\" content=\"pusparasa\" \/>\n\t<meta name=\"twitter:label2\" content=\"Est. reading time\" \/>\n\t<meta name=\"twitter:data2\" content=\"3 minutes\" \/>\n<script type=\"application\/ld+json\" class=\"yoast-schema-graph\">{\"@context\":\"https:\\\/\\\/schema.org\",\"@graph\":[{\"@type\":\"Article\",\"@id\":\"https:\\\/\\\/schillerlegal.ch\\\/en\\\/wer-beruft-die-generalversammlung-ein-wenn-die-amtsdauer-des-verwaltungsrates-abgelaufen-ist\\\/#article\",\"isPartOf\":{\"@id\":\"https:\\\/\\\/schillerlegal.ch\\\/en\\\/wer-beruft-die-generalversammlung-ein-wenn-die-amtsdauer-des-verwaltungsrates-abgelaufen-ist\\\/\"},\"author\":{\"name\":\"pusparasa\",\"@id\":\"https:\\\/\\\/schillerlegal.ch\\\/en\\\/#\\\/schema\\\/person\\\/86726a4d370a54cd2152caf17b64d98c\"},\"headline\":\"Wer beruft die Generalversammlung ein, wenn die Amtsdauer des Verwaltungsrates abgelaufen ist?\",\"datePublished\":\"2025-02-05T09:15:28+00:00\",\"dateModified\":\"2025-02-05T13:42:03+00:00\",\"mainEntityOfPage\":{\"@id\":\"https:\\\/\\\/schillerlegal.ch\\\/en\\\/wer-beruft-die-generalversammlung-ein-wenn-die-amtsdauer-des-verwaltungsrates-abgelaufen-ist\\\/\"},\"wordCount\":446,\"articleSection\":[\"Unkategorisiert\"],\"inLanguage\":\"en-US\"},{\"@type\":\"WebPage\",\"@id\":\"https:\\\/\\\/schillerlegal.ch\\\/en\\\/wer-beruft-die-generalversammlung-ein-wenn-die-amtsdauer-des-verwaltungsrates-abgelaufen-ist\\\/\",\"url\":\"https:\\\/\\\/schillerlegal.ch\\\/en\\\/wer-beruft-die-generalversammlung-ein-wenn-die-amtsdauer-des-verwaltungsrates-abgelaufen-ist\\\/\",\"name\":\"Wer beruft die Generalversammlung ein, wenn die Amtsdauer des Verwaltungsrates abgelaufen ist? - Schiller Rechtsanw\u00e4lte AG\",\"isPartOf\":{\"@id\":\"https:\\\/\\\/schillerlegal.ch\\\/en\\\/#website\"},\"datePublished\":\"2025-02-05T09:15:28+00:00\",\"dateModified\":\"2025-02-05T13:42:03+00:00\",\"author\":{\"@id\":\"https:\\\/\\\/schillerlegal.ch\\\/en\\\/#\\\/schema\\\/person\\\/86726a4d370a54cd2152caf17b64d98c\"},\"breadcrumb\":{\"@id\":\"https:\\\/\\\/schillerlegal.ch\\\/en\\\/wer-beruft-die-generalversammlung-ein-wenn-die-amtsdauer-des-verwaltungsrates-abgelaufen-ist\\\/#breadcrumb\"},\"inLanguage\":\"en-US\",\"potentialAction\":[{\"@type\":\"ReadAction\",\"target\":[\"https:\\\/\\\/schillerlegal.ch\\\/en\\\/wer-beruft-die-generalversammlung-ein-wenn-die-amtsdauer-des-verwaltungsrates-abgelaufen-ist\\\/\"]}]},{\"@type\":\"BreadcrumbList\",\"@id\":\"https:\\\/\\\/schillerlegal.ch\\\/en\\\/wer-beruft-die-generalversammlung-ein-wenn-die-amtsdauer-des-verwaltungsrates-abgelaufen-ist\\\/#breadcrumb\",\"itemListElement\":[{\"@type\":\"ListItem\",\"position\":1,\"name\":\"Startseite\",\"item\":\"https:\\\/\\\/schillerlegal.ch\\\/en\\\/\"},{\"@type\":\"ListItem\",\"position\":2,\"name\":\"Wer beruft die Generalversammlung ein, wenn die Amtsdauer des Verwaltungsrates abgelaufen ist?\"}]},{\"@type\":\"WebSite\",\"@id\":\"https:\\\/\\\/schillerlegal.ch\\\/en\\\/#website\",\"url\":\"https:\\\/\\\/schillerlegal.ch\\\/en\\\/\",\"name\":\"Schiller Rechtsanw\u00e4lte AG\",\"description\":\"\",\"potentialAction\":[{\"@type\":\"SearchAction\",\"target\":{\"@type\":\"EntryPoint\",\"urlTemplate\":\"https:\\\/\\\/schillerlegal.ch\\\/en\\\/?s={search_term_string}\"},\"query-input\":{\"@type\":\"PropertyValueSpecification\",\"valueRequired\":true,\"valueName\":\"search_term_string\"}}],\"inLanguage\":\"en-US\"},{\"@type\":\"Person\",\"@id\":\"https:\\\/\\\/schillerlegal.ch\\\/en\\\/#\\\/schema\\\/person\\\/86726a4d370a54cd2152caf17b64d98c\",\"name\":\"pusparasa\",\"image\":{\"@type\":\"ImageObject\",\"inLanguage\":\"en-US\",\"@id\":\"https:\\\/\\\/secure.gravatar.com\\\/avatar\\\/e9f835021a048f6c442857ae71474ebb0556524367848367a10b076cec21d2ea?s=96&d=mm&r=g\",\"url\":\"https:\\\/\\\/secure.gravatar.com\\\/avatar\\\/e9f835021a048f6c442857ae71474ebb0556524367848367a10b076cec21d2ea?s=96&d=mm&r=g\",\"contentUrl\":\"https:\\\/\\\/secure.gravatar.com\\\/avatar\\\/e9f835021a048f6c442857ae71474ebb0556524367848367a10b076cec21d2ea?s=96&d=mm&r=g\",\"caption\":\"pusparasa\"},\"url\":\"https:\\\/\\\/schillerlegal.ch\\\/en\\\/author\\\/pusparasa\\\/\"}]}<\/script>\n<!-- \/ Yoast SEO plugin. -->","yoast_head_json":{"title":"Wer beruft die Generalversammlung ein, wenn die Amtsdauer des Verwaltungsrates abgelaufen ist? - Schiller Rechtsanw\u00e4lte AG","robots":{"index":"index","follow":"follow","max-snippet":"max-snippet:-1","max-image-preview":"max-image-preview:large","max-video-preview":"max-video-preview:-1"},"canonical":"https:\/\/schillerlegal.ch\/en\/wer-beruft-die-generalversammlung-ein-wenn-die-amtsdauer-des-verwaltungsrates-abgelaufen-ist\/","og_locale":"en_US","og_type":"article","og_title":"Wer beruft die Generalversammlung ein, wenn die Amtsdauer des Verwaltungsrates abgelaufen ist? - Schiller Rechtsanw\u00e4lte AG","og_description":"Aktiengesellschaften sollten die gesetzliche Pflicht, die Generalversammlung innert sechs Monaten nach Ende des Gesch\u00e4ftsjahres durchzuf\u00fchren (Art. 699 Abs. 2 OR), nicht auf die leichte Schulter nehmen. Was lange als blosse Ordnungsvorschrift galt und bei Nichteinhaltung kaum Konsequenzen hatte, hat durch zwei Urteile des Bundesgerichts eine neue Tragweite erlangt. Bereits am 3. Dezember 2021 hatte das [&hellip;]","og_url":"https:\/\/schillerlegal.ch\/en\/wer-beruft-die-generalversammlung-ein-wenn-die-amtsdauer-des-verwaltungsrates-abgelaufen-ist\/","og_site_name":"Schiller Rechtsanw\u00e4lte AG","article_published_time":"2025-02-05T09:15:28+00:00","article_modified_time":"2025-02-05T13:42:03+00:00","author":"pusparasa","twitter_card":"summary_large_image","twitter_misc":{"Written by":"pusparasa","Est. reading time":"3 minutes"},"schema":{"@context":"https:\/\/schema.org","@graph":[{"@type":"Article","@id":"https:\/\/schillerlegal.ch\/en\/wer-beruft-die-generalversammlung-ein-wenn-die-amtsdauer-des-verwaltungsrates-abgelaufen-ist\/#article","isPartOf":{"@id":"https:\/\/schillerlegal.ch\/en\/wer-beruft-die-generalversammlung-ein-wenn-die-amtsdauer-des-verwaltungsrates-abgelaufen-ist\/"},"author":{"name":"pusparasa","@id":"https:\/\/schillerlegal.ch\/en\/#\/schema\/person\/86726a4d370a54cd2152caf17b64d98c"},"headline":"Wer beruft die Generalversammlung ein, wenn die Amtsdauer des Verwaltungsrates abgelaufen ist?","datePublished":"2025-02-05T09:15:28+00:00","dateModified":"2025-02-05T13:42:03+00:00","mainEntityOfPage":{"@id":"https:\/\/schillerlegal.ch\/en\/wer-beruft-die-generalversammlung-ein-wenn-die-amtsdauer-des-verwaltungsrates-abgelaufen-ist\/"},"wordCount":446,"articleSection":["Unkategorisiert"],"inLanguage":"en-US"},{"@type":"WebPage","@id":"https:\/\/schillerlegal.ch\/en\/wer-beruft-die-generalversammlung-ein-wenn-die-amtsdauer-des-verwaltungsrates-abgelaufen-ist\/","url":"https:\/\/schillerlegal.ch\/en\/wer-beruft-die-generalversammlung-ein-wenn-die-amtsdauer-des-verwaltungsrates-abgelaufen-ist\/","name":"Wer beruft die Generalversammlung ein, wenn die Amtsdauer des Verwaltungsrates abgelaufen ist? - Schiller Rechtsanw\u00e4lte AG","isPartOf":{"@id":"https:\/\/schillerlegal.ch\/en\/#website"},"datePublished":"2025-02-05T09:15:28+00:00","dateModified":"2025-02-05T13:42:03+00:00","author":{"@id":"https:\/\/schillerlegal.ch\/en\/#\/schema\/person\/86726a4d370a54cd2152caf17b64d98c"},"breadcrumb":{"@id":"https:\/\/schillerlegal.ch\/en\/wer-beruft-die-generalversammlung-ein-wenn-die-amtsdauer-des-verwaltungsrates-abgelaufen-ist\/#breadcrumb"},"inLanguage":"en-US","potentialAction":[{"@type":"ReadAction","target":["https:\/\/schillerlegal.ch\/en\/wer-beruft-die-generalversammlung-ein-wenn-die-amtsdauer-des-verwaltungsrates-abgelaufen-ist\/"]}]},{"@type":"BreadcrumbList","@id":"https:\/\/schillerlegal.ch\/en\/wer-beruft-die-generalversammlung-ein-wenn-die-amtsdauer-des-verwaltungsrates-abgelaufen-ist\/#breadcrumb","itemListElement":[{"@type":"ListItem","position":1,"name":"Startseite","item":"https:\/\/schillerlegal.ch\/en\/"},{"@type":"ListItem","position":2,"name":"Wer beruft die Generalversammlung ein, wenn die Amtsdauer des Verwaltungsrates abgelaufen ist?"}]},{"@type":"WebSite","@id":"https:\/\/schillerlegal.ch\/en\/#website","url":"https:\/\/schillerlegal.ch\/en\/","name":"Schiller Rechtsanw\u00e4lte AG","description":"","potentialAction":[{"@type":"SearchAction","target":{"@type":"EntryPoint","urlTemplate":"https:\/\/schillerlegal.ch\/en\/?s={search_term_string}"},"query-input":{"@type":"PropertyValueSpecification","valueRequired":true,"valueName":"search_term_string"}}],"inLanguage":"en-US"},{"@type":"Person","@id":"https:\/\/schillerlegal.ch\/en\/#\/schema\/person\/86726a4d370a54cd2152caf17b64d98c","name":"pusparasa","image":{"@type":"ImageObject","inLanguage":"en-US","@id":"https:\/\/secure.gravatar.com\/avatar\/e9f835021a048f6c442857ae71474ebb0556524367848367a10b076cec21d2ea?s=96&d=mm&r=g","url":"https:\/\/secure.gravatar.com\/avatar\/e9f835021a048f6c442857ae71474ebb0556524367848367a10b076cec21d2ea?s=96&d=mm&r=g","contentUrl":"https:\/\/secure.gravatar.com\/avatar\/e9f835021a048f6c442857ae71474ebb0556524367848367a10b076cec21d2ea?s=96&d=mm&r=g","caption":"pusparasa"},"url":"https:\/\/schillerlegal.ch\/en\/author\/pusparasa\/"}]}},"_links":{"self":[{"href":"https:\/\/schillerlegal.ch\/en\/wp-json\/wp\/v2\/posts\/1448","targetHints":{"allow":["GET"]}}],"collection":[{"href":"https:\/\/schillerlegal.ch\/en\/wp-json\/wp\/v2\/posts"}],"about":[{"href":"https:\/\/schillerlegal.ch\/en\/wp-json\/wp\/v2\/types\/post"}],"author":[{"embeddable":true,"href":"https:\/\/schillerlegal.ch\/en\/wp-json\/wp\/v2\/users\/4"}],"replies":[{"embeddable":true,"href":"https:\/\/schillerlegal.ch\/en\/wp-json\/wp\/v2\/comments?post=1448"}],"version-history":[{"count":4,"href":"https:\/\/schillerlegal.ch\/en\/wp-json\/wp\/v2\/posts\/1448\/revisions"}],"predecessor-version":[{"id":1452,"href":"https:\/\/schillerlegal.ch\/en\/wp-json\/wp\/v2\/posts\/1448\/revisions\/1452"}],"wp:attachment":[{"href":"https:\/\/schillerlegal.ch\/en\/wp-json\/wp\/v2\/media?parent=1448"}],"wp:term":[{"taxonomy":"category","embeddable":true,"href":"https:\/\/schillerlegal.ch\/en\/wp-json\/wp\/v2\/categories?post=1448"},{"taxonomy":"post_tag","embeddable":true,"href":"https:\/\/schillerlegal.ch\/en\/wp-json\/wp\/v2\/tags?post=1448"},{"taxonomy":"area-of-activity","embeddable":true,"href":"https:\/\/schillerlegal.ch\/en\/wp-json\/wp\/v2\/area-of-activity?post=1448"}],"curies":[{"name":"wp","href":"https:\/\/api.w.org\/{rel}","templated":true}]}}