{"id":1383,"date":"2024-10-01T11:18:30","date_gmt":"2024-10-01T09:18:30","guid":{"rendered":"https:\/\/schillerlegal.ch\/?p=1383"},"modified":"2024-11-04T11:21:26","modified_gmt":"2024-11-04T10:21:26","slug":"juristische-weiterbildungsveranstaltung-am-12-november-2024-unter-strom","status":"publish","type":"post","link":"https:\/\/schillerlegal.ch\/en\/juristische-weiterbildungsveranstaltung-am-12-november-2024-unter-strom\/","title":{"rendered":"Juristische Weiterbildungsveranstaltung am 12.\u00a0November 2024 &#8220;Unter Strom&#8221;"},"content":{"rendered":"\n<p>Mit der 10. juristischen Weiterbildungsveranstaltung von Schiller Rechtsanw\u00e4lte wollen wir rechtliche Fragen zu Photovoltaik, Steckdosen in der Garage und gemeinschaftlicher Nutzung von Bohrmaschinen kl\u00e4ren.<\/p>\n\n\n\n<p>Von 17.00 bis 18.45 Uhr referieren Richard Amstutz, Dorothee Auw\u00e4rter, Andrea Nemes und Michael Hochstrasser zu den genannten Themen. Im Anschluss an die Referate gibt es einen Ap\u00e9ro.<\/p>\n\n\n\n<p>Weitere Informationen zum Seminar und zur Anmeldung entnehmen Sie bitte dem&nbsp;<a href=\"https:\/\/schillerlegal.ch\/wp-content\/uploads\/2024\/11\/Einladung.pdf\">Flyer<\/a>; ausserdem k\u00f6nnen Sie uns telefonisch (052 269 16 16) oder per E-Mail (<a href=\"mailto:office@schillerlegal.ch\">office@schillerlegal.ch<\/a>) kontaktieren.<\/p>\n","protected":false},"excerpt":{"rendered":"<p>Mit der 10. juristischen Weiterbildungsveranstaltung von Schiller Rechtsanw\u00e4lte wollen wir rechtliche Fragen zu Photovoltaik, Steckdosen in der Garage und gemeinschaftlicher Nutzung von Bohrmaschinen kl\u00e4ren. Von 17.00 bis 18.45 Uhr referieren Richard Amstutz, Dorothee Auw\u00e4rter, Andrea Nemes und Michael Hochstrasser zu den genannten Themen. Im Anschluss an die Referate gibt es einen Ap\u00e9ro. Weitere Informationen zum [&hellip;]<\/p>\n","protected":false},"author":4,"featured_media":0,"comment_status":"closed","ping_status":"closed","sticky":false,"template":"","format":"standard","meta":{"_acf_changed":false,"footnotes":""},"categories":[1],"tags":[],"area-of-activity":[],"class_list":["post-1383","post","type-post","status-publish","format-standard","hentry","category-unkategorisiert"],"acf":[],"yoast_head":"<!-- This site is optimized with the Yoast SEO plugin v27.3 - https:\/\/yoast.com\/product\/yoast-seo-wordpress\/ -->\n<title>Juristische Weiterbildungsveranstaltung am 12.\u00a0November 2024 &quot;Unter Strom&quot; - Schiller Rechtsanw\u00e4lte AG<\/title>\n<meta name=\"robots\" content=\"index, follow, max-snippet:-1, max-image-preview:large, max-video-preview:-1\" \/>\n<link rel=\"canonical\" href=\"https:\/\/schillerlegal.ch\/en\/juristische-weiterbildungsveranstaltung-am-12-november-2024-unter-strom\/\" \/>\n<meta property=\"og:locale\" content=\"en_US\" \/>\n<meta property=\"og:type\" content=\"article\" \/>\n<meta property=\"og:title\" content=\"Juristische Weiterbildungsveranstaltung am 12.\u00a0November 2024 &quot;Unter Strom&quot; - Schiller Rechtsanw\u00e4lte AG\" \/>\n<meta property=\"og:description\" content=\"Mit der 10. juristischen Weiterbildungsveranstaltung von Schiller Rechtsanw\u00e4lte wollen wir rechtliche Fragen zu Photovoltaik, Steckdosen in der Garage und gemeinschaftlicher Nutzung von Bohrmaschinen kl\u00e4ren. Von 17.00 bis 18.45 Uhr referieren Richard Amstutz, Dorothee Auw\u00e4rter, Andrea Nemes und Michael Hochstrasser zu den genannten Themen. Im Anschluss an die Referate gibt es einen Ap\u00e9ro. Weitere Informationen zum [&hellip;]\" \/>\n<meta property=\"og:url\" content=\"https:\/\/schillerlegal.ch\/en\/juristische-weiterbildungsveranstaltung-am-12-november-2024-unter-strom\/\" \/>\n<meta property=\"og:site_name\" content=\"Schiller Rechtsanw\u00e4lte AG\" \/>\n<meta property=\"article:published_time\" content=\"2024-10-01T09:18:30+00:00\" \/>\n<meta property=\"article:modified_time\" content=\"2024-11-04T10:21:26+00:00\" \/>\n<meta name=\"author\" content=\"pusparasa\" \/>\n<meta name=\"twitter:card\" content=\"summary_large_image\" \/>\n<meta name=\"twitter:label1\" content=\"Written by\" \/>\n\t<meta name=\"twitter:data1\" content=\"pusparasa\" \/>\n\t<meta name=\"twitter:label2\" content=\"Est. reading time\" \/>\n\t<meta name=\"twitter:data2\" content=\"1 minute\" \/>\n<script type=\"application\/ld+json\" class=\"yoast-schema-graph\">{\"@context\":\"https:\\\/\\\/schema.org\",\"@graph\":[{\"@type\":\"Article\",\"@id\":\"https:\\\/\\\/schillerlegal.ch\\\/en\\\/juristische-weiterbildungsveranstaltung-am-12-november-2024-unter-strom\\\/#article\",\"isPartOf\":{\"@id\":\"https:\\\/\\\/schillerlegal.ch\\\/en\\\/juristische-weiterbildungsveranstaltung-am-12-november-2024-unter-strom\\\/\"},\"author\":{\"name\":\"pusparasa\",\"@id\":\"https:\\\/\\\/schillerlegal.ch\\\/en\\\/#\\\/schema\\\/person\\\/86726a4d370a54cd2152caf17b64d98c\"},\"headline\":\"Juristische Weiterbildungsveranstaltung am 12.\u00a0November 2024 &#8220;Unter Strom&#8221;\",\"datePublished\":\"2024-10-01T09:18:30+00:00\",\"dateModified\":\"2024-11-04T10:21:26+00:00\",\"mainEntityOfPage\":{\"@id\":\"https:\\\/\\\/schillerlegal.ch\\\/en\\\/juristische-weiterbildungsveranstaltung-am-12-november-2024-unter-strom\\\/\"},\"wordCount\":85,\"articleSection\":[\"Unkategorisiert\"],\"inLanguage\":\"en-US\"},{\"@type\":\"WebPage\",\"@id\":\"https:\\\/\\\/schillerlegal.ch\\\/en\\\/juristische-weiterbildungsveranstaltung-am-12-november-2024-unter-strom\\\/\",\"url\":\"https:\\\/\\\/schillerlegal.ch\\\/en\\\/juristische-weiterbildungsveranstaltung-am-12-november-2024-unter-strom\\\/\",\"name\":\"Juristische Weiterbildungsveranstaltung am 12.\u00a0November 2024 \\\"Unter Strom\\\" - Schiller Rechtsanw\u00e4lte AG\",\"isPartOf\":{\"@id\":\"https:\\\/\\\/schillerlegal.ch\\\/en\\\/#website\"},\"datePublished\":\"2024-10-01T09:18:30+00:00\",\"dateModified\":\"2024-11-04T10:21:26+00:00\",\"author\":{\"@id\":\"https:\\\/\\\/schillerlegal.ch\\\/en\\\/#\\\/schema\\\/person\\\/86726a4d370a54cd2152caf17b64d98c\"},\"breadcrumb\":{\"@id\":\"https:\\\/\\\/schillerlegal.ch\\\/en\\\/juristische-weiterbildungsveranstaltung-am-12-november-2024-unter-strom\\\/#breadcrumb\"},\"inLanguage\":\"en-US\",\"potentialAction\":[{\"@type\":\"ReadAction\",\"target\":[\"https:\\\/\\\/schillerlegal.ch\\\/en\\\/juristische-weiterbildungsveranstaltung-am-12-november-2024-unter-strom\\\/\"]}]},{\"@type\":\"BreadcrumbList\",\"@id\":\"https:\\\/\\\/schillerlegal.ch\\\/en\\\/juristische-weiterbildungsveranstaltung-am-12-november-2024-unter-strom\\\/#breadcrumb\",\"itemListElement\":[{\"@type\":\"ListItem\",\"position\":1,\"name\":\"Startseite\",\"item\":\"https:\\\/\\\/schillerlegal.ch\\\/en\\\/\"},{\"@type\":\"ListItem\",\"position\":2,\"name\":\"Juristische Weiterbildungsveranstaltung am 12.\u00a0November 2024 &#8222;Unter Strom&#8220;\"}]},{\"@type\":\"WebSite\",\"@id\":\"https:\\\/\\\/schillerlegal.ch\\\/en\\\/#website\",\"url\":\"https:\\\/\\\/schillerlegal.ch\\\/en\\\/\",\"name\":\"Schiller Rechtsanw\u00e4lte AG\",\"description\":\"\",\"potentialAction\":[{\"@type\":\"SearchAction\",\"target\":{\"@type\":\"EntryPoint\",\"urlTemplate\":\"https:\\\/\\\/schillerlegal.ch\\\/en\\\/?s={search_term_string}\"},\"query-input\":{\"@type\":\"PropertyValueSpecification\",\"valueRequired\":true,\"valueName\":\"search_term_string\"}}],\"inLanguage\":\"en-US\"},{\"@type\":\"Person\",\"@id\":\"https:\\\/\\\/schillerlegal.ch\\\/en\\\/#\\\/schema\\\/person\\\/86726a4d370a54cd2152caf17b64d98c\",\"name\":\"pusparasa\",\"image\":{\"@type\":\"ImageObject\",\"inLanguage\":\"en-US\",\"@id\":\"https:\\\/\\\/secure.gravatar.com\\\/avatar\\\/e9f835021a048f6c442857ae71474ebb0556524367848367a10b076cec21d2ea?s=96&d=mm&r=g\",\"url\":\"https:\\\/\\\/secure.gravatar.com\\\/avatar\\\/e9f835021a048f6c442857ae71474ebb0556524367848367a10b076cec21d2ea?s=96&d=mm&r=g\",\"contentUrl\":\"https:\\\/\\\/secure.gravatar.com\\\/avatar\\\/e9f835021a048f6c442857ae71474ebb0556524367848367a10b076cec21d2ea?s=96&d=mm&r=g\",\"caption\":\"pusparasa\"},\"url\":\"https:\\\/\\\/schillerlegal.ch\\\/en\\\/author\\\/pusparasa\\\/\"}]}<\/script>\n<!-- \/ Yoast SEO plugin. -->","yoast_head_json":{"title":"Juristische Weiterbildungsveranstaltung am 12.\u00a0November 2024 \"Unter Strom\" - Schiller Rechtsanw\u00e4lte AG","robots":{"index":"index","follow":"follow","max-snippet":"max-snippet:-1","max-image-preview":"max-image-preview:large","max-video-preview":"max-video-preview:-1"},"canonical":"https:\/\/schillerlegal.ch\/en\/juristische-weiterbildungsveranstaltung-am-12-november-2024-unter-strom\/","og_locale":"en_US","og_type":"article","og_title":"Juristische Weiterbildungsveranstaltung am 12.\u00a0November 2024 \"Unter Strom\" - Schiller Rechtsanw\u00e4lte AG","og_description":"Mit der 10. juristischen Weiterbildungsveranstaltung von Schiller Rechtsanw\u00e4lte wollen wir rechtliche Fragen zu Photovoltaik, Steckdosen in der Garage und gemeinschaftlicher Nutzung von Bohrmaschinen kl\u00e4ren. Von 17.00 bis 18.45 Uhr referieren Richard Amstutz, Dorothee Auw\u00e4rter, Andrea Nemes und Michael Hochstrasser zu den genannten Themen. Im Anschluss an die Referate gibt es einen Ap\u00e9ro. Weitere Informationen zum [&hellip;]","og_url":"https:\/\/schillerlegal.ch\/en\/juristische-weiterbildungsveranstaltung-am-12-november-2024-unter-strom\/","og_site_name":"Schiller Rechtsanw\u00e4lte AG","article_published_time":"2024-10-01T09:18:30+00:00","article_modified_time":"2024-11-04T10:21:26+00:00","author":"pusparasa","twitter_card":"summary_large_image","twitter_misc":{"Written by":"pusparasa","Est. reading time":"1 minute"},"schema":{"@context":"https:\/\/schema.org","@graph":[{"@type":"Article","@id":"https:\/\/schillerlegal.ch\/en\/juristische-weiterbildungsveranstaltung-am-12-november-2024-unter-strom\/#article","isPartOf":{"@id":"https:\/\/schillerlegal.ch\/en\/juristische-weiterbildungsveranstaltung-am-12-november-2024-unter-strom\/"},"author":{"name":"pusparasa","@id":"https:\/\/schillerlegal.ch\/en\/#\/schema\/person\/86726a4d370a54cd2152caf17b64d98c"},"headline":"Juristische Weiterbildungsveranstaltung am 12.\u00a0November 2024 &#8220;Unter Strom&#8221;","datePublished":"2024-10-01T09:18:30+00:00","dateModified":"2024-11-04T10:21:26+00:00","mainEntityOfPage":{"@id":"https:\/\/schillerlegal.ch\/en\/juristische-weiterbildungsveranstaltung-am-12-november-2024-unter-strom\/"},"wordCount":85,"articleSection":["Unkategorisiert"],"inLanguage":"en-US"},{"@type":"WebPage","@id":"https:\/\/schillerlegal.ch\/en\/juristische-weiterbildungsveranstaltung-am-12-november-2024-unter-strom\/","url":"https:\/\/schillerlegal.ch\/en\/juristische-weiterbildungsveranstaltung-am-12-november-2024-unter-strom\/","name":"Juristische Weiterbildungsveranstaltung am 12.\u00a0November 2024 \"Unter Strom\" - Schiller Rechtsanw\u00e4lte AG","isPartOf":{"@id":"https:\/\/schillerlegal.ch\/en\/#website"},"datePublished":"2024-10-01T09:18:30+00:00","dateModified":"2024-11-04T10:21:26+00:00","author":{"@id":"https:\/\/schillerlegal.ch\/en\/#\/schema\/person\/86726a4d370a54cd2152caf17b64d98c"},"breadcrumb":{"@id":"https:\/\/schillerlegal.ch\/en\/juristische-weiterbildungsveranstaltung-am-12-november-2024-unter-strom\/#breadcrumb"},"inLanguage":"en-US","potentialAction":[{"@type":"ReadAction","target":["https:\/\/schillerlegal.ch\/en\/juristische-weiterbildungsveranstaltung-am-12-november-2024-unter-strom\/"]}]},{"@type":"BreadcrumbList","@id":"https:\/\/schillerlegal.ch\/en\/juristische-weiterbildungsveranstaltung-am-12-november-2024-unter-strom\/#breadcrumb","itemListElement":[{"@type":"ListItem","position":1,"name":"Startseite","item":"https:\/\/schillerlegal.ch\/en\/"},{"@type":"ListItem","position":2,"name":"Juristische Weiterbildungsveranstaltung am 12.\u00a0November 2024 &#8222;Unter Strom&#8220;"}]},{"@type":"WebSite","@id":"https:\/\/schillerlegal.ch\/en\/#website","url":"https:\/\/schillerlegal.ch\/en\/","name":"Schiller Rechtsanw\u00e4lte AG","description":"","potentialAction":[{"@type":"SearchAction","target":{"@type":"EntryPoint","urlTemplate":"https:\/\/schillerlegal.ch\/en\/?s={search_term_string}"},"query-input":{"@type":"PropertyValueSpecification","valueRequired":true,"valueName":"search_term_string"}}],"inLanguage":"en-US"},{"@type":"Person","@id":"https:\/\/schillerlegal.ch\/en\/#\/schema\/person\/86726a4d370a54cd2152caf17b64d98c","name":"pusparasa","image":{"@type":"ImageObject","inLanguage":"en-US","@id":"https:\/\/secure.gravatar.com\/avatar\/e9f835021a048f6c442857ae71474ebb0556524367848367a10b076cec21d2ea?s=96&d=mm&r=g","url":"https:\/\/secure.gravatar.com\/avatar\/e9f835021a048f6c442857ae71474ebb0556524367848367a10b076cec21d2ea?s=96&d=mm&r=g","contentUrl":"https:\/\/secure.gravatar.com\/avatar\/e9f835021a048f6c442857ae71474ebb0556524367848367a10b076cec21d2ea?s=96&d=mm&r=g","caption":"pusparasa"},"url":"https:\/\/schillerlegal.ch\/en\/author\/pusparasa\/"}]}},"_links":{"self":[{"href":"https:\/\/schillerlegal.ch\/en\/wp-json\/wp\/v2\/posts\/1383","targetHints":{"allow":["GET"]}}],"collection":[{"href":"https:\/\/schillerlegal.ch\/en\/wp-json\/wp\/v2\/posts"}],"about":[{"href":"https:\/\/schillerlegal.ch\/en\/wp-json\/wp\/v2\/types\/post"}],"author":[{"embeddable":true,"href":"https:\/\/schillerlegal.ch\/en\/wp-json\/wp\/v2\/users\/4"}],"replies":[{"embeddable":true,"href":"https:\/\/schillerlegal.ch\/en\/wp-json\/wp\/v2\/comments?post=1383"}],"version-history":[{"count":2,"href":"https:\/\/schillerlegal.ch\/en\/wp-json\/wp\/v2\/posts\/1383\/revisions"}],"predecessor-version":[{"id":1389,"href":"https:\/\/schillerlegal.ch\/en\/wp-json\/wp\/v2\/posts\/1383\/revisions\/1389"}],"wp:attachment":[{"href":"https:\/\/schillerlegal.ch\/en\/wp-json\/wp\/v2\/media?parent=1383"}],"wp:term":[{"taxonomy":"category","embeddable":true,"href":"https:\/\/schillerlegal.ch\/en\/wp-json\/wp\/v2\/categories?post=1383"},{"taxonomy":"post_tag","embeddable":true,"href":"https:\/\/schillerlegal.ch\/en\/wp-json\/wp\/v2\/tags?post=1383"},{"taxonomy":"area-of-activity","embeddable":true,"href":"https:\/\/schillerlegal.ch\/en\/wp-json\/wp\/v2\/area-of-activity?post=1383"}],"curies":[{"name":"wp","href":"https:\/\/api.w.org\/{rel}","templated":true}]}}