{"id":1327,"date":"2024-08-05T17:56:10","date_gmt":"2024-08-05T15:56:10","guid":{"rendered":"https:\/\/schillerlegal.ch\/?p=1327"},"modified":"2024-09-19T17:00:47","modified_gmt":"2024-09-19T15:00:47","slug":"wir-begruessen-richard-amstutz-in-unserem-team","status":"publish","type":"post","link":"https:\/\/schillerlegal.ch\/en\/wir-begruessen-richard-amstutz-in-unserem-team\/","title":{"rendered":"Wir begr\u00fcssen Richard Amstutz in unserem Team"},"content":{"rendered":"\n<p>Seit 1. August 2024 verst\u00e4rkt Richard Amstutz SCHILLER RECHTSANW\u00c4LTE. Mit ihm erweitern wir unsere Expertise und Praxiserfahrung im \u00f6ffentlichen Recht und bieten neu, als besonderen Schwerpunkt, Rechtsdienstleistungen im Energie- und Elektrizit\u00e4tsrecht an.&nbsp;<\/p>\n\n\n\n<p>Richard Amstutz studierte Rechtswissenschaft an der Universit\u00e4t Z\u00fcrich und assistierte im Anschluss von 2004 bis 2009 am Lehrstuhl von Prof. Dr. Andreas Kley. Von 2009 bis 2013 arbeitete er im Rechtsdienst des Eidgen\u00f6ssischen Starkstrominspektorats, bevor er am Bezirksgericht Dielsdorf von 2013 bis 2017 zuerst als Auditor, dann als Gerichtsschreiber und Vorsitzender der Schlichtungsbeh\u00f6rde in Miet- und Pachtsachen t\u00e4tig war. Gleichzeitig erwarb er 2017 das Z\u00fcrcher Anwaltspatent. Von 2017 und 2024 war er Leiter des Rechtsdienstes und stellvertretender Gesch\u00e4ftsf\u00fchrer des Eidgen\u00f6ssischen Starkstrominspektorats.<\/p>\n\n\n\n<p>Richard Amstutz ist beratend und prozessierend t\u00e4tig. Neben Energie- und Elektrizit\u00e4tsrecht sind seine bevorzugten T\u00e4tigkeitsgebiete Umwelt- und Raumplanungsrecht, Baurecht, Gemeinderecht, Submissionsrecht sowie allgemeines Verwaltungsrecht von Bund und Kantonen.<\/p>\n\n\n\n<p>Richard Amstutz ist seit 2017 Ersatzrichter am Bezirksgericht Dielsdorf, wo er sich insbesondere auch mit Arbeits- und Mietrecht befasst, und Gr\u00fcndungsmitglied der Genossenschaft OptimaSolar Z\u00fcri Unterland.<\/p>\n\n\n<div class=\"indy-block-people\">\n  <div class=\"row\">\n                  <div class=\"person col-md-6 col-lg-4 col-xl-3\">\n          <article class=\"tease tease-team-member\" id=\"tease-1022\">\n\t\t\t<div class=\"portrait\">\n\t\t<img decoding=\"async\" src=\"https:\/\/schillerlegal.ch\/wp-content\/uploads\/2024\/05\/cropped_0009_DSC02883-300x0-c-default.jpg\" srcset=\"https:\/\/schillerlegal.ch\/wp-content\/uploads\/2024\/05\/cropped_0009_DSC02883-300x0-c-default.jpg 1x, https:\/\/schillerlegal.ch\/wp-content\/uploads\/2024\/05\/cropped_0009_DSC02883-600x0-c-default.jpg 2x\">\n\t<\/div>\n\t<div class=\"text\">\n\t\t<h5 class=\"title\">Richard Amstutz<\/h5>\n\t\t<div class=\"sub\">\n\t\t\t<div class=\"position\">Partner<\/div>\n\t\t\t<div class=\"arrow-icon\"><?xml version=\"1.0\" encoding=\"utf-8\"?>\n<!-- Generator: Adobe Illustrator 28.2.0, SVG Export Plug-In . SVG Version: 6.00 Build 0)  -->\n<svg version=\"1.1\" id=\"uuid-0d01a91a-173c-4929-a2a8-92feee4570de\"\n\t xmlns=\"http:\/\/www.w3.org\/2000\/svg\" xmlns:xlink=\"http:\/\/www.w3.org\/1999\/xlink\" x=\"0px\" y=\"0px\" viewBox=\"0 0 40.2 18\"\n\t style=\"enable-background:new 0 0 40.2 18;\" xml:space=\"preserve\">\n<g id=\"uuid-337baa6b-6f6e-46a6-ab3d-80cfea9952c5\">\n\t<path id=\"uuid-42a080c4-afe9-4bb8-80e1-1e35f5b11246\" d=\"M31.2,18l-1.7-1.7l6.1-6.1H0V7.8h35.6l-6.1-6.2L31.2,0l9,9L31.2,18\n\t\tL31.2,18z\"\/>\n<\/g>\n<\/svg>\n<\/div>\n\t\t<\/div>\n\t<\/div>\n\t<a class=\"link\" href=\"https:\/\/schillerlegal.ch\/en\/team-member\/richard-amstutz\/\">\n\t\t<span class=\"visually-hidden\">Go to article<\/span>\n\t<\/a>\n<\/article>\n        <\/div>\n            <\/div>\n<\/div>\n","protected":false},"excerpt":{"rendered":"<p>Seit 1. August 2024 verst\u00e4rkt Richard Amstutz SCHILLER RECHTSANW\u00c4LTE. Mit ihm erweitern wir unsere Expertise und Praxiserfahrung im \u00f6ffentlichen Recht und bieten neu, als besonderen Schwerpunkt, Rechtsdienstleistungen im Energie- und Elektrizit\u00e4tsrecht an.&nbsp; Richard Amstutz studierte Rechtswissenschaft an der Universit\u00e4t Z\u00fcrich und assistierte im Anschluss von 2004 bis 2009 am Lehrstuhl von Prof. Dr. Andreas Kley. [&hellip;]<\/p>\n","protected":false},"author":4,"featured_media":0,"comment_status":"closed","ping_status":"closed","sticky":false,"template":"","format":"standard","meta":{"_acf_changed":false,"footnotes":""},"categories":[1],"tags":[],"area-of-activity":[],"class_list":["post-1327","post","type-post","status-publish","format-standard","hentry","category-unkategorisiert"],"acf":[],"yoast_head":"<!-- This site is optimized with the Yoast SEO plugin v27.3 - https:\/\/yoast.com\/product\/yoast-seo-wordpress\/ -->\n<title>Wir begr\u00fcssen Richard Amstutz in unserem Team - Schiller Rechtsanw\u00e4lte AG<\/title>\n<meta name=\"robots\" content=\"index, follow, max-snippet:-1, max-image-preview:large, max-video-preview:-1\" \/>\n<link rel=\"canonical\" href=\"https:\/\/schillerlegal.ch\/en\/wir-begruessen-richard-amstutz-in-unserem-team\/\" \/>\n<meta property=\"og:locale\" content=\"en_US\" \/>\n<meta property=\"og:type\" content=\"article\" \/>\n<meta property=\"og:title\" content=\"Wir begr\u00fcssen Richard Amstutz in unserem Team - Schiller Rechtsanw\u00e4lte AG\" \/>\n<meta property=\"og:description\" content=\"Seit 1. August 2024 verst\u00e4rkt Richard Amstutz SCHILLER RECHTSANW\u00c4LTE. Mit ihm erweitern wir unsere Expertise und Praxiserfahrung im \u00f6ffentlichen Recht und bieten neu, als besonderen Schwerpunkt, Rechtsdienstleistungen im Energie- und Elektrizit\u00e4tsrecht an.&nbsp; Richard Amstutz studierte Rechtswissenschaft an der Universit\u00e4t Z\u00fcrich und assistierte im Anschluss von 2004 bis 2009 am Lehrstuhl von Prof. Dr. Andreas Kley. [&hellip;]\" \/>\n<meta property=\"og:url\" content=\"https:\/\/schillerlegal.ch\/en\/wir-begruessen-richard-amstutz-in-unserem-team\/\" \/>\n<meta property=\"og:site_name\" content=\"Schiller Rechtsanw\u00e4lte AG\" \/>\n<meta property=\"article:published_time\" content=\"2024-08-05T15:56:10+00:00\" \/>\n<meta property=\"article:modified_time\" content=\"2024-09-19T15:00:47+00:00\" \/>\n<meta name=\"author\" content=\"pusparasa\" \/>\n<meta name=\"twitter:card\" content=\"summary_large_image\" \/>\n<meta name=\"twitter:label1\" content=\"Written by\" \/>\n\t<meta name=\"twitter:data1\" content=\"pusparasa\" \/>\n\t<meta name=\"twitter:label2\" content=\"Est. reading time\" \/>\n\t<meta name=\"twitter:data2\" content=\"1 minute\" \/>\n<script type=\"application\/ld+json\" class=\"yoast-schema-graph\">{\"@context\":\"https:\\\/\\\/schema.org\",\"@graph\":[{\"@type\":\"Article\",\"@id\":\"https:\\\/\\\/schillerlegal.ch\\\/en\\\/wir-begruessen-richard-amstutz-in-unserem-team\\\/#article\",\"isPartOf\":{\"@id\":\"https:\\\/\\\/schillerlegal.ch\\\/en\\\/wir-begruessen-richard-amstutz-in-unserem-team\\\/\"},\"author\":{\"name\":\"pusparasa\",\"@id\":\"https:\\\/\\\/schillerlegal.ch\\\/en\\\/#\\\/schema\\\/person\\\/86726a4d370a54cd2152caf17b64d98c\"},\"headline\":\"Wir begr\u00fcssen Richard Amstutz in unserem Team\",\"datePublished\":\"2024-08-05T15:56:10+00:00\",\"dateModified\":\"2024-09-19T15:00:47+00:00\",\"mainEntityOfPage\":{\"@id\":\"https:\\\/\\\/schillerlegal.ch\\\/en\\\/wir-begruessen-richard-amstutz-in-unserem-team\\\/\"},\"wordCount\":181,\"articleSection\":[\"Unkategorisiert\"],\"inLanguage\":\"en-US\"},{\"@type\":\"WebPage\",\"@id\":\"https:\\\/\\\/schillerlegal.ch\\\/en\\\/wir-begruessen-richard-amstutz-in-unserem-team\\\/\",\"url\":\"https:\\\/\\\/schillerlegal.ch\\\/en\\\/wir-begruessen-richard-amstutz-in-unserem-team\\\/\",\"name\":\"Wir begr\u00fcssen Richard Amstutz in unserem Team - Schiller Rechtsanw\u00e4lte AG\",\"isPartOf\":{\"@id\":\"https:\\\/\\\/schillerlegal.ch\\\/en\\\/#website\"},\"datePublished\":\"2024-08-05T15:56:10+00:00\",\"dateModified\":\"2024-09-19T15:00:47+00:00\",\"author\":{\"@id\":\"https:\\\/\\\/schillerlegal.ch\\\/en\\\/#\\\/schema\\\/person\\\/86726a4d370a54cd2152caf17b64d98c\"},\"breadcrumb\":{\"@id\":\"https:\\\/\\\/schillerlegal.ch\\\/en\\\/wir-begruessen-richard-amstutz-in-unserem-team\\\/#breadcrumb\"},\"inLanguage\":\"en-US\",\"potentialAction\":[{\"@type\":\"ReadAction\",\"target\":[\"https:\\\/\\\/schillerlegal.ch\\\/en\\\/wir-begruessen-richard-amstutz-in-unserem-team\\\/\"]}]},{\"@type\":\"BreadcrumbList\",\"@id\":\"https:\\\/\\\/schillerlegal.ch\\\/en\\\/wir-begruessen-richard-amstutz-in-unserem-team\\\/#breadcrumb\",\"itemListElement\":[{\"@type\":\"ListItem\",\"position\":1,\"name\":\"Startseite\",\"item\":\"https:\\\/\\\/schillerlegal.ch\\\/en\\\/\"},{\"@type\":\"ListItem\",\"position\":2,\"name\":\"Wir begr\u00fcssen Richard Amstutz in unserem Team\"}]},{\"@type\":\"WebSite\",\"@id\":\"https:\\\/\\\/schillerlegal.ch\\\/en\\\/#website\",\"url\":\"https:\\\/\\\/schillerlegal.ch\\\/en\\\/\",\"name\":\"Schiller Rechtsanw\u00e4lte AG\",\"description\":\"\",\"potentialAction\":[{\"@type\":\"SearchAction\",\"target\":{\"@type\":\"EntryPoint\",\"urlTemplate\":\"https:\\\/\\\/schillerlegal.ch\\\/en\\\/?s={search_term_string}\"},\"query-input\":{\"@type\":\"PropertyValueSpecification\",\"valueRequired\":true,\"valueName\":\"search_term_string\"}}],\"inLanguage\":\"en-US\"},{\"@type\":\"Person\",\"@id\":\"https:\\\/\\\/schillerlegal.ch\\\/en\\\/#\\\/schema\\\/person\\\/86726a4d370a54cd2152caf17b64d98c\",\"name\":\"pusparasa\",\"image\":{\"@type\":\"ImageObject\",\"inLanguage\":\"en-US\",\"@id\":\"https:\\\/\\\/secure.gravatar.com\\\/avatar\\\/e9f835021a048f6c442857ae71474ebb0556524367848367a10b076cec21d2ea?s=96&d=mm&r=g\",\"url\":\"https:\\\/\\\/secure.gravatar.com\\\/avatar\\\/e9f835021a048f6c442857ae71474ebb0556524367848367a10b076cec21d2ea?s=96&d=mm&r=g\",\"contentUrl\":\"https:\\\/\\\/secure.gravatar.com\\\/avatar\\\/e9f835021a048f6c442857ae71474ebb0556524367848367a10b076cec21d2ea?s=96&d=mm&r=g\",\"caption\":\"pusparasa\"},\"url\":\"https:\\\/\\\/schillerlegal.ch\\\/en\\\/author\\\/pusparasa\\\/\"}]}<\/script>\n<!-- \/ Yoast SEO plugin. -->","yoast_head_json":{"title":"Wir begr\u00fcssen Richard Amstutz in unserem Team - Schiller Rechtsanw\u00e4lte AG","robots":{"index":"index","follow":"follow","max-snippet":"max-snippet:-1","max-image-preview":"max-image-preview:large","max-video-preview":"max-video-preview:-1"},"canonical":"https:\/\/schillerlegal.ch\/en\/wir-begruessen-richard-amstutz-in-unserem-team\/","og_locale":"en_US","og_type":"article","og_title":"Wir begr\u00fcssen Richard Amstutz in unserem Team - Schiller Rechtsanw\u00e4lte AG","og_description":"Seit 1. August 2024 verst\u00e4rkt Richard Amstutz SCHILLER RECHTSANW\u00c4LTE. Mit ihm erweitern wir unsere Expertise und Praxiserfahrung im \u00f6ffentlichen Recht und bieten neu, als besonderen Schwerpunkt, Rechtsdienstleistungen im Energie- und Elektrizit\u00e4tsrecht an.&nbsp; Richard Amstutz studierte Rechtswissenschaft an der Universit\u00e4t Z\u00fcrich und assistierte im Anschluss von 2004 bis 2009 am Lehrstuhl von Prof. Dr. Andreas Kley. [&hellip;]","og_url":"https:\/\/schillerlegal.ch\/en\/wir-begruessen-richard-amstutz-in-unserem-team\/","og_site_name":"Schiller Rechtsanw\u00e4lte AG","article_published_time":"2024-08-05T15:56:10+00:00","article_modified_time":"2024-09-19T15:00:47+00:00","author":"pusparasa","twitter_card":"summary_large_image","twitter_misc":{"Written by":"pusparasa","Est. reading time":"1 minute"},"schema":{"@context":"https:\/\/schema.org","@graph":[{"@type":"Article","@id":"https:\/\/schillerlegal.ch\/en\/wir-begruessen-richard-amstutz-in-unserem-team\/#article","isPartOf":{"@id":"https:\/\/schillerlegal.ch\/en\/wir-begruessen-richard-amstutz-in-unserem-team\/"},"author":{"name":"pusparasa","@id":"https:\/\/schillerlegal.ch\/en\/#\/schema\/person\/86726a4d370a54cd2152caf17b64d98c"},"headline":"Wir begr\u00fcssen Richard Amstutz in unserem Team","datePublished":"2024-08-05T15:56:10+00:00","dateModified":"2024-09-19T15:00:47+00:00","mainEntityOfPage":{"@id":"https:\/\/schillerlegal.ch\/en\/wir-begruessen-richard-amstutz-in-unserem-team\/"},"wordCount":181,"articleSection":["Unkategorisiert"],"inLanguage":"en-US"},{"@type":"WebPage","@id":"https:\/\/schillerlegal.ch\/en\/wir-begruessen-richard-amstutz-in-unserem-team\/","url":"https:\/\/schillerlegal.ch\/en\/wir-begruessen-richard-amstutz-in-unserem-team\/","name":"Wir begr\u00fcssen Richard Amstutz in unserem Team - Schiller Rechtsanw\u00e4lte AG","isPartOf":{"@id":"https:\/\/schillerlegal.ch\/en\/#website"},"datePublished":"2024-08-05T15:56:10+00:00","dateModified":"2024-09-19T15:00:47+00:00","author":{"@id":"https:\/\/schillerlegal.ch\/en\/#\/schema\/person\/86726a4d370a54cd2152caf17b64d98c"},"breadcrumb":{"@id":"https:\/\/schillerlegal.ch\/en\/wir-begruessen-richard-amstutz-in-unserem-team\/#breadcrumb"},"inLanguage":"en-US","potentialAction":[{"@type":"ReadAction","target":["https:\/\/schillerlegal.ch\/en\/wir-begruessen-richard-amstutz-in-unserem-team\/"]}]},{"@type":"BreadcrumbList","@id":"https:\/\/schillerlegal.ch\/en\/wir-begruessen-richard-amstutz-in-unserem-team\/#breadcrumb","itemListElement":[{"@type":"ListItem","position":1,"name":"Startseite","item":"https:\/\/schillerlegal.ch\/en\/"},{"@type":"ListItem","position":2,"name":"Wir begr\u00fcssen Richard Amstutz in unserem Team"}]},{"@type":"WebSite","@id":"https:\/\/schillerlegal.ch\/en\/#website","url":"https:\/\/schillerlegal.ch\/en\/","name":"Schiller Rechtsanw\u00e4lte AG","description":"","potentialAction":[{"@type":"SearchAction","target":{"@type":"EntryPoint","urlTemplate":"https:\/\/schillerlegal.ch\/en\/?s={search_term_string}"},"query-input":{"@type":"PropertyValueSpecification","valueRequired":true,"valueName":"search_term_string"}}],"inLanguage":"en-US"},{"@type":"Person","@id":"https:\/\/schillerlegal.ch\/en\/#\/schema\/person\/86726a4d370a54cd2152caf17b64d98c","name":"pusparasa","image":{"@type":"ImageObject","inLanguage":"en-US","@id":"https:\/\/secure.gravatar.com\/avatar\/e9f835021a048f6c442857ae71474ebb0556524367848367a10b076cec21d2ea?s=96&d=mm&r=g","url":"https:\/\/secure.gravatar.com\/avatar\/e9f835021a048f6c442857ae71474ebb0556524367848367a10b076cec21d2ea?s=96&d=mm&r=g","contentUrl":"https:\/\/secure.gravatar.com\/avatar\/e9f835021a048f6c442857ae71474ebb0556524367848367a10b076cec21d2ea?s=96&d=mm&r=g","caption":"pusparasa"},"url":"https:\/\/schillerlegal.ch\/en\/author\/pusparasa\/"}]}},"_links":{"self":[{"href":"https:\/\/schillerlegal.ch\/en\/wp-json\/wp\/v2\/posts\/1327","targetHints":{"allow":["GET"]}}],"collection":[{"href":"https:\/\/schillerlegal.ch\/en\/wp-json\/wp\/v2\/posts"}],"about":[{"href":"https:\/\/schillerlegal.ch\/en\/wp-json\/wp\/v2\/types\/post"}],"author":[{"embeddable":true,"href":"https:\/\/schillerlegal.ch\/en\/wp-json\/wp\/v2\/users\/4"}],"replies":[{"embeddable":true,"href":"https:\/\/schillerlegal.ch\/en\/wp-json\/wp\/v2\/comments?post=1327"}],"version-history":[{"count":9,"href":"https:\/\/schillerlegal.ch\/en\/wp-json\/wp\/v2\/posts\/1327\/revisions"}],"predecessor-version":[{"id":1360,"href":"https:\/\/schillerlegal.ch\/en\/wp-json\/wp\/v2\/posts\/1327\/revisions\/1360"}],"wp:attachment":[{"href":"https:\/\/schillerlegal.ch\/en\/wp-json\/wp\/v2\/media?parent=1327"}],"wp:term":[{"taxonomy":"category","embeddable":true,"href":"https:\/\/schillerlegal.ch\/en\/wp-json\/wp\/v2\/categories?post=1327"},{"taxonomy":"post_tag","embeddable":true,"href":"https:\/\/schillerlegal.ch\/en\/wp-json\/wp\/v2\/tags?post=1327"},{"taxonomy":"area-of-activity","embeddable":true,"href":"https:\/\/schillerlegal.ch\/en\/wp-json\/wp\/v2\/area-of-activity?post=1327"}],"curies":[{"name":"wp","href":"https:\/\/api.w.org\/{rel}","templated":true}]}}